{"id":33075,"date":"2021-10-23T10:28:18","date_gmt":"2021-10-23T08:28:18","guid":{"rendered":"https:\/\/www.thereportzone.it\/?p=33075"},"modified":"2021-10-23T10:28:18","modified_gmt":"2021-10-23T08:28:18","slug":"roma-aversa-incidenti-stradali-pietro-genovese-torna-libero-il-presidente-dellassociazione-familiari-e-vittime-della-strada-aifvs-odvgaia-e-camilla-sono-rimaste-senza-giustizia","status":"publish","type":"post","link":"https:\/\/www.thereportzone.it\/?p=33075","title":{"rendered":"Incidenti stradali: Pietro Genovese torna libero. Il presidente AIFVS: \u201cGaia e Camilla sono rimaste senza giustizia\u201d"},"content":{"rendered":"<p>&nbsp;<br \/>\nROMA\/AVERSA &#8211; \u00abLo avevamo detto prima, durante e dopo il processo. Quando vengono celebrati questo tipo di procedimenti, il tempo \u00e8 talmente tiranno che non d\u00e0 possibilit\u00e0 a nessuno di metabolizzare\u00bb. Cos\u00ec Alberto Pallotti, presidente dell&#8217;Associazione familiari e vittime della strada A.I.F.V.S. ODV, commenta la decisione dei giudici della Corte d&#8217;appello di Roma, che oggi ha rimesso in libert\u00e0 Pietro Genovese, il giovane che la notte del 21 dicembre 2019 invest\u00ec e uccise due ragazze di 16 anni nella zona di Corso Francia a Roma. \u00abQuello che \u00e8, in realt\u00e0, il senso molto grave di questa tragedia emblematica di quello che succede sulle nostre strade, \u00e8 che qua abbiamo due ragazzine investite sulle strisce pedonali e si \u00e8 provato in ogni modo a far passare le vittime come colpevoli delle loro morti\u00bb, continua Pallotti, \u00abquando non ci si \u00e8 riusciti si \u00e8 sfruttata la legge, la lentezza, l&#8217;incapacit\u00e0 della giustizia di avere un volto umano. Questi sono i risultati. Una giustizia che non tiene conto della sofferenza delle vittime. Non mi meraviglio che il padre di Gaia dica che Pietro Genovese non si \u00e8 pentito, perch\u00e9 il percorso non \u00e8 stato fatto. Anche noi siamo convinti che non sia pentito e oggi la giustizia esce sconfitta per l&#8217;ennesima volta. Abbiamo provato a farla applicare, purtroppo questi sono i risultati\u00bb. Immediata la reazione dell\u2019avvocato Walter Rapattoni, che ha rappresentato l&#8217;associazione come parte civile nel processo: \u00abLa decisione lascia l\u2019amaro in bocca, anche se a livello procedurale \u00e8 stata applicata la legge con sentenza definitiva e pena residuale sotto un certo tipo di anni. Questa \u00e8 la procedura. Noi ci siamo battuti tanto nel processo per due ragazze che non ci sono pi\u00f9. Dobbiamo continuare sempre a lottare per evitare questi esiti, certo per chi si \u00e8 battuto tanto resta l&#8217;amarezza\u00bb.<br \/>\nBiagio Ciaramella, vice presidente dell\u2019A.I.F.V.S. ODV, presente al processo, ha dichiarato che \u00absolo noi come associazione abbiamo chiesto di essere nel processo, ma una volta annullati tutti i procedimenti della parte civili, in automatico ci siamo ritrovati fuori. Questa \u00e8 una grande pecca tutta italiana, perch\u00e9 quando le parti in causa si sono messe d\u2019accordo non c\u2019\u00e8 pi\u00f9 niente da fare. Come associazione non siamo soddisfatti. Avremmo avuto una speranza se tutti fossimo rimasti nel processo, cosa che non \u00e8 accaduta. Adesso non ci resta che appellarci a tutti perch\u00e9, se le parti civili si mettono d\u2019accordo prima di affrontare il processo, anche se queste sono le leggi e dobbiamo rispettarle, poi i risultati sono questi\u00bb. Ciaramella ha continuato: \u00abQui non c&#8217;\u00e8 uno sbaglio dei giudici, ma di chi prima di affrontare il processo si mette d\u2019accordo e si ritira dalle parti civili. Ci\u00f2 si sta verificando in tutti i processi in cui noi ci costituiamo, perch\u00e9 siamo la sola associazione che combatte non per i familiari, ma per le vittime della strada. Noi \u2013 ha concluso Ciaramella &#8211; ci costituiamo parte civile non vicino ai genitori, ma dalla parte delle vittime della strada che non hanno pi\u00f9 voce. Una volta che tutte le parti civili escono dal processo, capitano queste cose e non si rende giustizia alle vittime della strada\u00bb.<\/p>\n","protected":false},"excerpt":{"rendered":"<p>&nbsp; ROMA\/AVERSA &#8211; \u00abLo avevamo detto prima, durante e dopo il processo. Quando vengono celebrati questo tipo di<\/p>\n","protected":false},"author":2,"featured_media":33076,"comment_status":"closed","ping_status":"closed","sticky":false,"template":"","format":"standard","meta":{"sfsi_plus_gutenberg_text_before_share":"","sfsi_plus_gutenberg_show_text_before_share":"","sfsi_plus_gutenberg_icon_type":"","sfsi_plus_gutenberg_icon_alignemt":"","sfsi_plus_gutenburg_max_per_row":"","footnotes":""},"categories":[8,37],"tags":[],"class_list":["post-33075","post","type-post","status-publish","format-standard","has-post-thumbnail","hentry","category-cronaca","category-notizie-locali"],"_links":{"self":[{"href":"https:\/\/www.thereportzone.it\/index.php?rest_route=\/wp\/v2\/posts\/33075"}],"collection":[{"href":"https:\/\/www.thereportzone.it\/index.php?rest_route=\/wp\/v2\/posts"}],"about":[{"href":"https:\/\/www.thereportzone.it\/index.php?rest_route=\/wp\/v2\/types\/post"}],"author":[{"embeddable":true,"href":"https:\/\/www.thereportzone.it\/index.php?rest_route=\/wp\/v2\/users\/2"}],"replies":[{"embeddable":true,"href":"https:\/\/www.thereportzone.it\/index.php?rest_route=%2Fwp%2Fv2%2Fcomments&post=33075"}],"version-history":[{"count":0,"href":"https:\/\/www.thereportzone.it\/index.php?rest_route=\/wp\/v2\/posts\/33075\/revisions"}],"wp:featuredmedia":[{"embeddable":true,"href":"https:\/\/www.thereportzone.it\/index.php?rest_route=\/"}],"wp:attachment":[{"href":"https:\/\/www.thereportzone.it\/index.php?rest_route=%2Fwp%2Fv2%2Fmedia&parent=33075"}],"wp:term":[{"taxonomy":"category","embeddable":true,"href":"https:\/\/www.thereportzone.it\/index.php?rest_route=%2Fwp%2Fv2%2Fcategories&post=33075"},{"taxonomy":"post_tag","embeddable":true,"href":"https:\/\/www.thereportzone.it\/index.php?rest_route=%2Fwp%2Fv2%2Ftags&post=33075"}],"curies":[{"name":"wp","href":"https:\/\/api.w.org\/{rel}","templated":true}]}}