{"id":33055,"date":"2021-10-22T11:18:53","date_gmt":"2021-10-22T09:18:53","guid":{"rendered":"https:\/\/www.thereportzone.it\/?p=33055"},"modified":"2021-10-22T11:18:53","modified_gmt":"2021-10-22T09:18:53","slug":"lintervista-rosa-di-maio-pronti-per-unopposizione-valida-a-tutela-del-territorio-e-a-garanzia-dei-cittadini","status":"publish","type":"post","link":"https:\/\/www.thereportzone.it\/?p=33055","title":{"rendered":"L&#8217;INTERVISTA &#8211; Rosa Di Maio: &#8220;Pronti per un&#8217;opposizione valida, a tutela del territorio e a garanzia dei cittadini&#8221;"},"content":{"rendered":"<p>&nbsp;<br \/>\n<strong>CARINOLA<\/strong>. La consigliera di minoranza Rosa Di Maio, eletta nell\u2019ultima tornata elettorale con 875 voti, risponde ad alcune nostre domande in merito ad obiettivi ed impegni dell\u2019attivit\u00e0 politica nel futuro prossimo carinolese.<br \/>\n<strong>Consigliera Di Maio, con quali prospettive si pone di affrontare questa nuova esperienza politica che la vede impegnata al servizio dei cittadini e degli elettori che l\u2019hanno votata?<\/strong> <em>&#8220;Nonostante la faticosa campagna elettorale appena conclusa, il risultato portato a casa e l\u2019affetto delle persone mi hanno restituito immediatamente energie ed entusiasmo.\u00a0In questi anni di attivit\u00e0 politica ho profuso parallelamente impegno nell\u2019associazionismo e sostegno a diverse iniziative locali: siano esse culturali sportive o enogastronomiche. Pertanto, il mio primo obiettivo, \u00e8 continuare su questa strada dando voce a questi progetti&#8221;.<\/em><br \/>\n<strong>Con quali mezzi, nello specifico, pensa di poter agire a tal fine?<\/strong> &#8220;<em>C\u2019\u00e8 una espressa volont\u00e0 di creare, per il futuro, un progetto di Unione e Associazione che possa mettere insieme personalit\u00e0 sia politiche che della societ\u00e0 civile. Lo scopo \u00e8 che questa \u201cunione\u201d possa fungere da incubatore di idee per il territorio&#8221;.\u00a0<\/em><br \/>\n<strong>Ci pu\u00f2 spiegare, pi\u00f9 nel dettaglio?<\/strong> <em>&#8220;Questo progetto di Unione e Associazione vedr\u00e0 coinvolte in primis le persone che mi hanno sostenuto, ma anche tutti coloro che vorranno essere di supporto all\u2019attivit\u00e0 da svolgere in consiglio comunale. Inoltre, la creazione di un gruppo autonomo in consiglio sar\u00e0 deputata sia alle iniziative che all\u2019attivit\u00e0 di opposizione vera e propria&#8221;.\u00a0<\/em><br \/>\n<strong>Cosa resta, ad oggi, del gruppo politico Carinola Riparte?<\/strong> &#8220;<em>Carinola Riparte \u00e8 stata un\u2019esperienza positiva e vanno ringraziati tutti i componenti della lista, in primis il Dott. Ugo de Crescenzo.\u00a0 Abbiamo gi\u00e0 svolto una riunione tra consiglieri di opposizione che ci vede coinvolti in modo armonico, ognuno per\u00f2 con le proprie individualit\u00e0&#8221;.\u00a0<\/em><br \/>\n<strong>Dunque Carinola Riparte rappresenter\u00e0 una opposizione compatta all\u2019interno del Consiglio Comunale?<\/strong> <em>&#8220;Certo, tutto quanto da me detto \u00e8 finalizzato a svolgere un compito di opposizione valida per la nostra amata Carinola, che potr\u00e0 essere costruttiva quando \u00e8 necessario o di opposizione vera e propria, in caso contrario. Ma sempre agiremo uniti a tutela del nostro territorio e a garanzie e difesa delle esigenze dei cittadini&#8221;.<\/em><\/p>\n","protected":false},"excerpt":{"rendered":"<p>&nbsp; CARINOLA. La consigliera di minoranza Rosa Di Maio, eletta nell\u2019ultima tornata elettorale con 875 voti, risponde ad<\/p>\n","protected":false},"author":2,"featured_media":33056,"comment_status":"closed","ping_status":"closed","sticky":false,"template":"","format":"standard","meta":{"sfsi_plus_gutenberg_text_before_share":"","sfsi_plus_gutenberg_show_text_before_share":"","sfsi_plus_gutenberg_icon_type":"","sfsi_plus_gutenberg_icon_alignemt":"","sfsi_plus_gutenburg_max_per_row":"","footnotes":""},"categories":[2973,9],"tags":[],"class_list":["post-33055","post","type-post","status-publish","format-standard","has-post-thumbnail","hentry","category-carinola","category-politica"],"_links":{"self":[{"href":"https:\/\/www.thereportzone.it\/index.php?rest_route=\/wp\/v2\/posts\/33055"}],"collection":[{"href":"https:\/\/www.thereportzone.it\/index.php?rest_route=\/wp\/v2\/posts"}],"about":[{"href":"https:\/\/www.thereportzone.it\/index.php?rest_route=\/wp\/v2\/types\/post"}],"author":[{"embeddable":true,"href":"https:\/\/www.thereportzone.it\/index.php?rest_route=\/wp\/v2\/users\/2"}],"replies":[{"embeddable":true,"href":"https:\/\/www.thereportzone.it\/index.php?rest_route=%2Fwp%2Fv2%2Fcomments&post=33055"}],"version-history":[{"count":0,"href":"https:\/\/www.thereportzone.it\/index.php?rest_route=\/wp\/v2\/posts\/33055\/revisions"}],"wp:featuredmedia":[{"embeddable":true,"href":"https:\/\/www.thereportzone.it\/index.php?rest_route=\/"}],"wp:attachment":[{"href":"https:\/\/www.thereportzone.it\/index.php?rest_route=%2Fwp%2Fv2%2Fmedia&parent=33055"}],"wp:term":[{"taxonomy":"category","embeddable":true,"href":"https:\/\/www.thereportzone.it\/index.php?rest_route=%2Fwp%2Fv2%2Fcategories&post=33055"},{"taxonomy":"post_tag","embeddable":true,"href":"https:\/\/www.thereportzone.it\/index.php?rest_route=%2Fwp%2Fv2%2Ftags&post=33055"}],"curies":[{"name":"wp","href":"https:\/\/api.w.org\/{rel}","templated":true}]}}