{"id":33047,"date":"2021-10-21T20:42:44","date_gmt":"2021-10-21T18:42:44","guid":{"rendered":"https:\/\/www.thereportzone.it\/?p=33047"},"modified":"2021-10-21T20:42:44","modified_gmt":"2021-10-21T18:42:44","slug":"carinola-covid-scuole-chiuse-la-sindaca-di-biasio-ha-disposto-lordinanza","status":"publish","type":"post","link":"https:\/\/www.thereportzone.it\/?p=33047","title":{"rendered":"CARINOLA &#8211; Covid, scuole chiuse: la sindaca Di Biasio ha disposto l\u2019ordinanza"},"content":{"rendered":"<p>CARINOLA. Dopo mesi di estrema tranquillit\u00e0 torniamo ad assistere alla chiusura delle scuole dovute al problema Covid. \u00c8 stato disposto poco fa dalla sindaca Giuseppina Di Biasio che ha comunicato quanto segue, oltre ad aver disposto apposita ordinanza: \u201cChiusura scuole dal 22 al 25 Ottobre. E&#8217; con grande rammarico che il sindaco Giuseppina Di Biasio, dopo una serie di comunicazioni dell&#8217;ASL, ha disposto la chiusura della scuola primaria di Nocelleto e della scuola secondaria di Carinola a causa di alcune positivit\u00e0 al virus Covid19.\u00a0Inoltre \u00e8 stata disposta la sanificazione dei plessi per garantire un ritorno favorevole agli studenti ed al personale scolastico.<br \/>\nL&#8217;azione, che sappiamo recare disagi a famiglie e studenti, \u00e8 per\u00f2 necessaria per salvaguardare la salute di tutta la comunit\u00e0. Siamo vicini alle famiglie colpite dalla positivit\u00e0 al virus e rimaniamo a disposizione per ogni tipo di assistenza. Ci preme per\u00f2 invitare tutti i cittadini alla prudenza e a prendere le precauzioni gi\u00e0 note. \u00a0In questo momento delicato facciamo affidamento al buonsenso ed alla forza di tutto il popolo carinolese\u201d.<br \/>\n<a href=\"https:\/\/www.thereportzone.it\/cronaca\/carinola-covid-scuole-chiuse-la-sindaca-di-biasio-ha-disposto-lordinanza\/attachment\/c8125505-765b-43b9-a02b-3de222f7e1cd\/\" rel=\"attachment wp-att-33048\"><img fetchpriority=\"high\" decoding=\"async\" class=\"aligncenter size-full wp-image-33048\" src=\"https:\/\/www.thereportzone.it\/wp-content\/uploads\/2021\/10\/C8125505-765B-43B9-A02B-3DE222F7E1CD.jpeg\" alt=\"\" width=\"1241\" height=\"1755\" \/><\/a><\/p>\n","protected":false},"excerpt":{"rendered":"<p>CARINOLA. Dopo mesi di estrema tranquillit\u00e0 torniamo ad assistere alla chiusura delle scuole dovute al problema Covid. \u00c8<\/p>\n","protected":false},"author":2,"featured_media":33048,"comment_status":"closed","ping_status":"closed","sticky":false,"template":"","format":"standard","meta":{"sfsi_plus_gutenberg_text_before_share":"","sfsi_plus_gutenberg_show_text_before_share":"","sfsi_plus_gutenberg_icon_type":"","sfsi_plus_gutenberg_icon_alignemt":"","sfsi_plus_gutenburg_max_per_row":"","footnotes":""},"categories":[2973,8,9],"tags":[],"class_list":["post-33047","post","type-post","status-publish","format-standard","has-post-thumbnail","hentry","category-carinola","category-cronaca","category-politica"],"_links":{"self":[{"href":"https:\/\/www.thereportzone.it\/index.php?rest_route=\/wp\/v2\/posts\/33047"}],"collection":[{"href":"https:\/\/www.thereportzone.it\/index.php?rest_route=\/wp\/v2\/posts"}],"about":[{"href":"https:\/\/www.thereportzone.it\/index.php?rest_route=\/wp\/v2\/types\/post"}],"author":[{"embeddable":true,"href":"https:\/\/www.thereportzone.it\/index.php?rest_route=\/wp\/v2\/users\/2"}],"replies":[{"embeddable":true,"href":"https:\/\/www.thereportzone.it\/index.php?rest_route=%2Fwp%2Fv2%2Fcomments&post=33047"}],"version-history":[{"count":0,"href":"https:\/\/www.thereportzone.it\/index.php?rest_route=\/wp\/v2\/posts\/33047\/revisions"}],"wp:featuredmedia":[{"embeddable":true,"href":"https:\/\/www.thereportzone.it\/index.php?rest_route=\/"}],"wp:attachment":[{"href":"https:\/\/www.thereportzone.it\/index.php?rest_route=%2Fwp%2Fv2%2Fmedia&parent=33047"}],"wp:term":[{"taxonomy":"category","embeddable":true,"href":"https:\/\/www.thereportzone.it\/index.php?rest_route=%2Fwp%2Fv2%2Fcategories&post=33047"},{"taxonomy":"post_tag","embeddable":true,"href":"https:\/\/www.thereportzone.it\/index.php?rest_route=%2Fwp%2Fv2%2Ftags&post=33047"}],"curies":[{"name":"wp","href":"https:\/\/api.w.org\/{rel}","templated":true}]}}