{"id":33007,"date":"2021-10-20T10:28:33","date_gmt":"2021-10-20T08:28:33","guid":{"rendered":"https:\/\/www.thereportzone.it\/?p=33007"},"modified":"2021-10-20T10:28:33","modified_gmt":"2021-10-20T08:28:33","slug":"pubblicato-il-bando-protezione-civile-2021-lamministrazione-vinciguerra-apre-le-adesioni","status":"publish","type":"post","link":"https:\/\/www.thereportzone.it\/?p=33007","title":{"rendered":"PUBBLICATO IL \u201cBANDO PROTEZIONE CIVILE 2021\u201d: L\u2019AMMINISTRAZIONE VINCIGUERRA APRE LE ADESIONI"},"content":{"rendered":"<p>&nbsp;<br \/>\n<strong>POLITICA<\/strong>. Pubblicato il \u201cBando Protezione Civile 2021\u201d: al via le adesioni. Torna il Nucleo Volontari Protezione Civile a Cervino, con l\u2019apertura ufficiale della campagna adesioni a partire da oggi, marted\u00ec 19 ottobre.\u00a0 Il Bando, pubblicato a soli due giorni dal primo Consiglio Comunale con l\u2019ufficializzazione della nuova Giunta, che, ieri sera, presieduta dal sindaco Giuseppe Vinciguerra, ha redatto e approvato il relativo Regolamento, ripristiner\u00e0, di fatto, la presenza di questo indispensabile supporto sul territorio comunale. Le domande di preadesione potranno essere presentate dai cittadini maggiorenni e minorenni, a partire dai 16 anni di et\u00e0 e previa autorizzazione sottoscritta da chi ne esercita la patria potest\u00e0, di entrambi i sessi, italiani e stranieri, purch\u00e9 in regola con le norme vigenti in materia, in possesso dei seguenti requisiti: godimento dei diritti civili e politici; assenza di condanne penali, di misure di sicurezza e\/o misure di prevenzione, nonch\u00e9 mancata conoscenza di procedimenti penali in corso a proprio carico; nessuna precedente espulsione da Organizzazioni, Associazioni o Gruppi di Volontariato; idoneit\u00e0 fisica allo svolgimento di attivit\u00e0 interne ed esterne; assenza di ulteriori iscrizioni in altri organizzazioni di volontariato di Protezione Civile; possesso dei requisiti di sana e robusta costituzione fisica e psichica.<br \/>\nLe istanze dovranno essere presentate attraverso la preventiva compilazione degli appositi moduli, di iscrizione ed ammissione, scaricabili dal sito del Comune di Cervino, nella sezione Albo Pretorio, o reperibili, in formato cartaceo, all\u2019Ufficio Protocollo sito in via G. Toniolo, presso i cui sportelli dovranno essere consegnate, in orari d\u2019ufficio, entro il 30 ottobre 2021, pena l\u2019esclusione. L\u2019iscrizione sar\u00e0 formalizzata solo a seguito di colloquio motivazionale e consegna della documentazione richiesta. Un impegno importante, dunque, mantenuto a poche settimane dal termine della campagna elettorale, durante la quale, in uno dei suoi interventi, <strong>Francesco Piscitelli<\/strong>, l\u2019attuale assessore con delega alla Protezione Civile, al Verde Pubblico, alla Pubblica Illuminazione e alla Sanit\u00e0, aveva fatto questa importante promessa congiuntamente al neo sindaco Vinciguerra.<br \/>\nL\u2019assessore 28enne, in isolamento fino alla giornata di ieri per motivi cautelativi dovuti alla positivit\u00e0 di un congiunto, ha preso parte alla riunione a distanza, dando il suo decisivo apporto alla stesura degli atti e alla concretizzazione dell\u2019iniziativa. Queste le sue prime dichiarazioni: \u201c<em>Prima ancora di ufficializzare la mia candidatura, la costituzione del Nucleo di Protezione Civile era gi\u00e0 il mio principale obiettivo; nella mia attivit\u00e0 di infermiere professionale e, soprattutto, nella mia partecipazione alle giornate dedicate alle vaccinazioni anti Covid-19 nei Comuni limitrofi, avevo potuto constatare da vicino il grande lavoro dei volontari, a sostegno dei cittadini e delle relative Amministrazioni, risentendo ancor di pi\u00f9 della mancanza di queste fondamentali figure. Ho sentito, perci\u00f2, il dovere di impegnarmi da subito nel raggiungimento del primo obiettivo, a cui seguiranno altre iniziative volte a dotare il nostro gruppo di tutti gli strumenti necessari a svolgere le normali attivit\u00e0 di supporto; \u00e8 un importante risultato in un contesto che, da troppo tempo, risultava privo di tale aiuto e, allo stesso tempo, daremo ai cittadini che entreranno a far parte della squadra la possibilit\u00e0 di sentirsi utili al territorio e alla comunit\u00e0<\/em>\u201d. Soddisfatto anche il sindaco <strong>Giuseppe Vinciguerra<\/strong>: \u201c<em>Una prima tappa <\/em>\u2013 ha dichiarato \u2013<em> di un lungo cammino che ci porter\u00e0 lontano. Siamo partiti da uno dei pilastri della nostra azione amministrativa e del nostro Comune, da una volont\u00e0 condivisa, che, con grande determinazione, ci ha fatto concludere in tempi brevissimi quelle fasi che ci hanno consentito la pubblicazione odierna del Bando. Le principali attivit\u00e0 dei volontari consisteranno nell\u2019assistenza e tutela di persone, beni e ambiente, con un\u2019azione a 360 gradi che li vedr\u00e0 coinvolti anche nelle scuole e nelle manifestazioni, rappresentando un ausilio costante per gli amministratori e per l\u2019intera comunit\u00e0. Siamo sicuri che otterremo il massimo riscontro, in termini di domande e di dedizione. Abbiamo tanti progetti, ma sentivamo la necessit\u00e0 di partire da qui, mantenendo una nostra precisa promessa a tutti i cittadini<\/em>\u201d.<\/p>\n","protected":false},"excerpt":{"rendered":"<p>&nbsp; POLITICA. Pubblicato il \u201cBando Protezione Civile 2021\u201d: al via le adesioni. Torna il Nucleo Volontari Protezione Civile<\/p>\n","protected":false},"author":2,"featured_media":33008,"comment_status":"closed","ping_status":"closed","sticky":false,"template":"","format":"standard","meta":{"sfsi_plus_gutenberg_text_before_share":"","sfsi_plus_gutenberg_show_text_before_share":"","sfsi_plus_gutenberg_icon_type":"","sfsi_plus_gutenberg_icon_alignemt":"","sfsi_plus_gutenburg_max_per_row":"","footnotes":""},"categories":[9],"tags":[],"class_list":["post-33007","post","type-post","status-publish","format-standard","has-post-thumbnail","hentry","category-politica"],"_links":{"self":[{"href":"https:\/\/www.thereportzone.it\/index.php?rest_route=\/wp\/v2\/posts\/33007"}],"collection":[{"href":"https:\/\/www.thereportzone.it\/index.php?rest_route=\/wp\/v2\/posts"}],"about":[{"href":"https:\/\/www.thereportzone.it\/index.php?rest_route=\/wp\/v2\/types\/post"}],"author":[{"embeddable":true,"href":"https:\/\/www.thereportzone.it\/index.php?rest_route=\/wp\/v2\/users\/2"}],"replies":[{"embeddable":true,"href":"https:\/\/www.thereportzone.it\/index.php?rest_route=%2Fwp%2Fv2%2Fcomments&post=33007"}],"version-history":[{"count":0,"href":"https:\/\/www.thereportzone.it\/index.php?rest_route=\/wp\/v2\/posts\/33007\/revisions"}],"wp:featuredmedia":[{"embeddable":true,"href":"https:\/\/www.thereportzone.it\/index.php?rest_route=\/"}],"wp:attachment":[{"href":"https:\/\/www.thereportzone.it\/index.php?rest_route=%2Fwp%2Fv2%2Fmedia&parent=33007"}],"wp:term":[{"taxonomy":"category","embeddable":true,"href":"https:\/\/www.thereportzone.it\/index.php?rest_route=%2Fwp%2Fv2%2Fcategories&post=33007"},{"taxonomy":"post_tag","embeddable":true,"href":"https:\/\/www.thereportzone.it\/index.php?rest_route=%2Fwp%2Fv2%2Ftags&post=33007"}],"curies":[{"name":"wp","href":"https:\/\/api.w.org\/{rel}","templated":true}]}}