{"id":32954,"date":"2021-10-18T14:16:00","date_gmt":"2021-10-18T12:16:00","guid":{"rendered":"https:\/\/www.thereportzone.it\/?p=32954"},"modified":"2021-10-18T14:16:00","modified_gmt":"2021-10-18T12:16:00","slug":"carinola-cinque-cittadini-positivi-al-covid-lappello-del-sindaco-giuseppina-di-biasio","status":"publish","type":"post","link":"https:\/\/www.thereportzone.it\/?p=32954","title":{"rendered":"CARINOLA &#8211; Cinque cittadini positivi al Covid: l&#8217;appello del sindaco Giuseppina Di Biasio"},"content":{"rendered":"<p>&nbsp;<br \/>\n<strong>CARINOLA<\/strong>. &#8220;Care e Cari Carinolesi, dopo alcuni mesi di relativa calma a tal proposito, mi duole comunicarVi che <strong>cinque nostri concittadini sono attualmente positivi al Covid-19<\/strong>. <strong>L\u2019allentamento delle restrizioni<\/strong> imposte dal Governo, anche e soprattutto grazie al numero crescente di vaccinati nel nostro paese, <strong>non deve farci abbassare la guardia sulle insidie di questo tremendo virus<\/strong>, ospite indesiderato delle nostre vite ormai da un anno e mezzo.<br \/>\nPur ritenendoci estremamente fiduciosi sull\u2019andamento della campagna vaccinale e sulle nuove possibilit\u00e0 di ritorno alla nostra quotidianit\u00e0 pre-pandemia, Vi invito ad adottare tutte le misure di contenimento del contagio: <strong>indossiamo tutti la mascherina nei luoghi chiusi, evitiamo contatti fisici stretti<\/strong> e soprattutto <strong>non creiamo assembramenti. <\/strong>Ai cittadini positivi al Covid-19 rivolgo il saluto e il pensiero affettuoso mio e di tutta l\u2019Amministrazione Comunale, esprimendo non solo una formale vicinanza, ma la nostra disponibilit\u00e0 a venire incontro \u2013 nelle nostre fattive possibilit\u00e0 &#8211; alle vostre esigenze.<br \/>\nColgo l\u2019occasione di questo messaggio per ricordare con commozione i nove carinolesi che il Covid-19 ha strappato alle loro famiglie e alla comunit\u00e0 tutta. Ai loro cari va il nostro pi\u00f9 sincero cordoglio. La nuova e vicina normalit\u00e0 non deve farci dimenticare della tragedia che abbiamo vissuto in un periodo cos\u00ec delicato. Ancora per poco, ne sono certa, dovremo tenere un comportamento pi\u00f9 responsabile ma sicuramente pi\u00f9 tranquillo rispetto a quei giorni bui. Nel frattempo, Vi abbraccio calorosamente&#8221;. Carinola li, 18\/10\/2021<\/p>\n","protected":false},"excerpt":{"rendered":"<p>&nbsp; CARINOLA. &#8220;Care e Cari Carinolesi, dopo alcuni mesi di relativa calma a tal proposito, mi duole comunicarVi<\/p>\n","protected":false},"author":2,"featured_media":27246,"comment_status":"closed","ping_status":"closed","sticky":false,"template":"","format":"standard","meta":{"sfsi_plus_gutenberg_text_before_share":"","sfsi_plus_gutenberg_show_text_before_share":"","sfsi_plus_gutenberg_icon_type":"","sfsi_plus_gutenberg_icon_alignemt":"","sfsi_plus_gutenburg_max_per_row":"","footnotes":""},"categories":[2973,8,9],"tags":[],"class_list":["post-32954","post","type-post","status-publish","format-standard","has-post-thumbnail","hentry","category-carinola","category-cronaca","category-politica"],"_links":{"self":[{"href":"https:\/\/www.thereportzone.it\/index.php?rest_route=\/wp\/v2\/posts\/32954"}],"collection":[{"href":"https:\/\/www.thereportzone.it\/index.php?rest_route=\/wp\/v2\/posts"}],"about":[{"href":"https:\/\/www.thereportzone.it\/index.php?rest_route=\/wp\/v2\/types\/post"}],"author":[{"embeddable":true,"href":"https:\/\/www.thereportzone.it\/index.php?rest_route=\/wp\/v2\/users\/2"}],"replies":[{"embeddable":true,"href":"https:\/\/www.thereportzone.it\/index.php?rest_route=%2Fwp%2Fv2%2Fcomments&post=32954"}],"version-history":[{"count":0,"href":"https:\/\/www.thereportzone.it\/index.php?rest_route=\/wp\/v2\/posts\/32954\/revisions"}],"wp:featuredmedia":[{"embeddable":true,"href":"https:\/\/www.thereportzone.it\/index.php?rest_route=\/"}],"wp:attachment":[{"href":"https:\/\/www.thereportzone.it\/index.php?rest_route=%2Fwp%2Fv2%2Fmedia&parent=32954"}],"wp:term":[{"taxonomy":"category","embeddable":true,"href":"https:\/\/www.thereportzone.it\/index.php?rest_route=%2Fwp%2Fv2%2Fcategories&post=32954"},{"taxonomy":"post_tag","embeddable":true,"href":"https:\/\/www.thereportzone.it\/index.php?rest_route=%2Fwp%2Fv2%2Ftags&post=32954"}],"curies":[{"name":"wp","href":"https:\/\/api.w.org\/{rel}","templated":true}]}}