{"id":32927,"date":"2021-10-17T14:49:03","date_gmt":"2021-10-17T12:49:03","guid":{"rendered":"https:\/\/www.thereportzone.it\/?p=32927"},"modified":"2021-10-17T14:49:03","modified_gmt":"2021-10-17T12:49:03","slug":"falciano-del-massico-nasce-lassociazione-culturale-fa-re-il-comunicato-stampa","status":"publish","type":"post","link":"https:\/\/www.thereportzone.it\/?p=32927","title":{"rendered":"FALCIANO DEL MASSICO &#8211; Nasce l&#8217;associazione  culturale FA.RE, il comunicato stampa"},"content":{"rendered":"<p>&nbsp;<br \/>\nFALCIANO DEL MASSICO &#8211; Nasce \u00a0l\u2019Associazione che vuole darsi da FA.RE per migliorare la qualit\u00e0 di vita della comunit\u00e0, soprattutto, dei bambini e dei giovani.<br \/>\nBuona la prima!! A Falciano del Massico (CE) parte alla grande la neocostituita Associazione noprofit<br \/>\nFA.RE (Falciano Realizza) che si prefigge di migliorare la qualit\u00e0 di vita della comunit\u00e0 locale attraverso continue iniziative di tipo sociale, culturale ed ambientale.<br \/>\nVoglia di FA.RE, di partecipare, di mettersi in gioco. Questo si \u00e8 respirato questa domenica mattina a Falciano del Massico in occasione della presentazione dell\u2019Associazione FA.RE alla cittadinanza che ha partecipato numerosa &#8211; oltre 60 persone &#8211; all\u2019evento di inaugurazione. \u00c8 stata data lettura pubblica dello Statuto ed \u00e8 stato presentato il Consiglio Direttivo al quale, spontaneamente, hanno aderito da subito 2 cittadini che si aggiungono ai 3 iniziali. Inoltre, gi\u00e0 40 sono state le adesioni.<br \/>\n\u201cSono orgoglioso di far parte di questa comunit\u00e0 che ha risposto al nostro invito di dare vita ad un movimento che si desse da fare per Falciano e per la sua comunit\u00e0. Vogliamo realizzare iniziative di spessore in termini culturali e sociali con l\u2019obiettivo unico di migliorare la qualit\u00e0 dei nostri concittadini. Bambini, giovani e soggetti pi\u00f9 fragili saranno al centro delle nostre attivit\u00e0. Punteremo in tutti i modi al coinvolgimento della comunit\u00e0, stimoleremo il senso profondo di cittadinanza attiva. Proveremo a fare di Falciano un luogo dove \u00e8 bello vivere. Questo e molto altro e FA.RE, che &#8211; voglio subito precisarlo &#8211; \u00e8 una Associazione apartitica e apolitica che nasce solo per darsi da \u201cfare\u201d per il nostro territorio.\u201d Queste le prime parole del Presidente, Antonio Di Fusco nel suo intervento di presentazione dell\u2019Associazione.<br \/>\nei prossimi giorni FA.RE presenter\u00e0 pubblicamente il primo evento in programma che gi\u00e0 si annuncia come un vero successo.<br \/>\n<a href=\"https:\/\/www.thereportzone.it\/cultura\/falciano-del-massico-nasce-lassociazione-culturale-fa-re-il-comunicato-stampa\/attachment\/1a315cea-7967-4d41-b729-2611b9e842c6\/\" rel=\"attachment wp-att-32931\"><img fetchpriority=\"high\" decoding=\"async\" class=\"aligncenter size-full wp-image-32931\" src=\"https:\/\/www.thereportzone.it\/wp-content\/uploads\/2021\/10\/1A315CEA-7967-4D41-B729-2611B9E842C6.jpeg\" alt=\"\" width=\"1600\" height=\"1200\" \/><\/a><\/p>\n","protected":false},"excerpt":{"rendered":"<p>&nbsp; FALCIANO DEL MASSICO &#8211; Nasce \u00a0l\u2019Associazione che vuole darsi da FA.RE per migliorare la qualit\u00e0 di vita<\/p>\n","protected":false},"author":2,"featured_media":32928,"comment_status":"closed","ping_status":"closed","sticky":false,"template":"","format":"standard","meta":{"sfsi_plus_gutenberg_text_before_share":"","sfsi_plus_gutenberg_show_text_before_share":"","sfsi_plus_gutenberg_icon_type":"","sfsi_plus_gutenberg_icon_alignemt":"","sfsi_plus_gutenburg_max_per_row":"","footnotes":""},"categories":[10,4],"tags":[],"class_list":["post-32927","post","type-post","status-publish","format-standard","has-post-thumbnail","hentry","category-cultura","category-falciano"],"_links":{"self":[{"href":"https:\/\/www.thereportzone.it\/index.php?rest_route=\/wp\/v2\/posts\/32927"}],"collection":[{"href":"https:\/\/www.thereportzone.it\/index.php?rest_route=\/wp\/v2\/posts"}],"about":[{"href":"https:\/\/www.thereportzone.it\/index.php?rest_route=\/wp\/v2\/types\/post"}],"author":[{"embeddable":true,"href":"https:\/\/www.thereportzone.it\/index.php?rest_route=\/wp\/v2\/users\/2"}],"replies":[{"embeddable":true,"href":"https:\/\/www.thereportzone.it\/index.php?rest_route=%2Fwp%2Fv2%2Fcomments&post=32927"}],"version-history":[{"count":0,"href":"https:\/\/www.thereportzone.it\/index.php?rest_route=\/wp\/v2\/posts\/32927\/revisions"}],"wp:featuredmedia":[{"embeddable":true,"href":"https:\/\/www.thereportzone.it\/index.php?rest_route=\/"}],"wp:attachment":[{"href":"https:\/\/www.thereportzone.it\/index.php?rest_route=%2Fwp%2Fv2%2Fmedia&parent=32927"}],"wp:term":[{"taxonomy":"category","embeddable":true,"href":"https:\/\/www.thereportzone.it\/index.php?rest_route=%2Fwp%2Fv2%2Fcategories&post=32927"},{"taxonomy":"post_tag","embeddable":true,"href":"https:\/\/www.thereportzone.it\/index.php?rest_route=%2Fwp%2Fv2%2Ftags&post=32927"}],"curies":[{"name":"wp","href":"https:\/\/api.w.org\/{rel}","templated":true}]}}