{"id":32908,"date":"2021-10-16T08:48:07","date_gmt":"2021-10-16T06:48:07","guid":{"rendered":"https:\/\/www.thereportzone.it\/?p=32908"},"modified":"2021-10-16T08:48:07","modified_gmt":"2021-10-16T06:48:07","slug":"casale-di-carinola-divieto-di-utilizzo-dellacqua-per-scopi-potabili-o-alimentari-ce-lordinanza","status":"publish","type":"post","link":"https:\/\/www.thereportzone.it\/?p=32908","title":{"rendered":"CASALE DI CARINOLA &#8211; Divieto di utilizzo dell&#8217;acqua per scopi potabili o alimentari: c&#8217;\u00e8 l&#8217;ordinanza"},"content":{"rendered":"<p>&nbsp;<br \/>\n<strong>CARINOLA<\/strong>. Una ordinanza + stata emanata dal Comune di Carinola, guidato dalla squadra Carinola Futura e dalla neo eletta sindaco Giuseppina Di Biasio. Secondo quanto si legge, a seguito di un&#8217;analisi dell&#8217;Arpac eseguita su un campione di acqua prelevato da una fontana pubblica a Casale di Carinola, fino a quando non sar\u00e0 ripristinata l&#8217;idoneit\u00e0 dell&#8217;acqua, \u00e8 fatto divieto di utilizzare l&#8217;acqua per scopi potabili o alimentari.<br \/>\nL&#8217;ordinanza, che vi alleghiamo integralmente a fine articolo, porta con s\u00e8 che &#8220;<em>le attivit\u00e0 produttive e commerciali che non dispongono di un approvvigionamento alternativo di acqua potabile sono chiamate al divieto di prosecuzione delle attivit\u00e0 produttive e commerciali ubicate nella stessa frazione<\/em>&#8220;. Secondo quanto si apprende da indiscrezione da noi raccolte, sebbene l&#8217;Amminisrazione Comunale di Carinola si sia gi\u00e0\u00a0 attivata per quanto di competenza a risolvere il problema, il disagio per i cittadini durer\u00e0 il tempo necessario affinch\u00e9 possano essere fatti gli ulteriori dovuti controlli. DI SEGUITO L&#8217;ORDINANZA INTEGRALE.<br \/>\n<a href=\"https:\/\/www.thereportzone.it\/cronaca\/casale-di-carinola-divieto-di-utilizzo-dellacqua-per-scopi-potabili-o-alimentari-ce-lordinanza\/attachment\/casale-senza-acqua-potabile-ordinanza\/\" rel=\"attachment wp-att-32909\"><img fetchpriority=\"high\" decoding=\"async\" class=\"aligncenter size-full wp-image-32909\" src=\"https:\/\/www.thereportzone.it\/wp-content\/uploads\/2021\/10\/CASALE-SENZA-ACQUA-POTABILE-ORDINANZA.jpg\" alt=\"\" width=\"800\" height=\"578\" \/><\/a><\/p>\n","protected":false},"excerpt":{"rendered":"<p>&nbsp; CARINOLA. Una ordinanza + stata emanata dal Comune di Carinola, guidato dalla squadra Carinola Futura e dalla<\/p>\n","protected":false},"author":2,"featured_media":32909,"comment_status":"closed","ping_status":"closed","sticky":false,"template":"","format":"standard","meta":{"sfsi_plus_gutenberg_text_before_share":"","sfsi_plus_gutenberg_show_text_before_share":"","sfsi_plus_gutenberg_icon_type":"","sfsi_plus_gutenberg_icon_alignemt":"","sfsi_plus_gutenburg_max_per_row":"","footnotes":""},"categories":[2973,8,9],"tags":[],"class_list":["post-32908","post","type-post","status-publish","format-standard","has-post-thumbnail","hentry","category-carinola","category-cronaca","category-politica"],"_links":{"self":[{"href":"https:\/\/www.thereportzone.it\/index.php?rest_route=\/wp\/v2\/posts\/32908"}],"collection":[{"href":"https:\/\/www.thereportzone.it\/index.php?rest_route=\/wp\/v2\/posts"}],"about":[{"href":"https:\/\/www.thereportzone.it\/index.php?rest_route=\/wp\/v2\/types\/post"}],"author":[{"embeddable":true,"href":"https:\/\/www.thereportzone.it\/index.php?rest_route=\/wp\/v2\/users\/2"}],"replies":[{"embeddable":true,"href":"https:\/\/www.thereportzone.it\/index.php?rest_route=%2Fwp%2Fv2%2Fcomments&post=32908"}],"version-history":[{"count":0,"href":"https:\/\/www.thereportzone.it\/index.php?rest_route=\/wp\/v2\/posts\/32908\/revisions"}],"wp:featuredmedia":[{"embeddable":true,"href":"https:\/\/www.thereportzone.it\/index.php?rest_route=\/"}],"wp:attachment":[{"href":"https:\/\/www.thereportzone.it\/index.php?rest_route=%2Fwp%2Fv2%2Fmedia&parent=32908"}],"wp:term":[{"taxonomy":"category","embeddable":true,"href":"https:\/\/www.thereportzone.it\/index.php?rest_route=%2Fwp%2Fv2%2Fcategories&post=32908"},{"taxonomy":"post_tag","embeddable":true,"href":"https:\/\/www.thereportzone.it\/index.php?rest_route=%2Fwp%2Fv2%2Ftags&post=32908"}],"curies":[{"name":"wp","href":"https:\/\/api.w.org\/{rel}","templated":true}]}}