{"id":32894,"date":"2021-10-15T15:02:49","date_gmt":"2021-10-15T13:02:49","guid":{"rendered":"https:\/\/www.thereportzone.it\/?p=32894"},"modified":"2021-10-15T15:02:49","modified_gmt":"2021-10-15T13:02:49","slug":"crollo-del-ponte-morandi-al-processo-ci-saranno-anche-i-familiari-delle-vittime-del-bus-ungherese-schiantatosi-contro-un-pilone-a-verona","status":"publish","type":"post","link":"https:\/\/www.thereportzone.it\/?p=32894","title":{"rendered":"Crollo del ponte Morandi: al processo ci saranno anche i familiari delle vittime del bus ungherese schiantatosi contro un pilone a Verona"},"content":{"rendered":"<p>&nbsp;<br \/>\n<strong>CRONACA<\/strong>. Crollo del ponte Morandi: al processo ci saranno anche i familiari delle vittime del bus ungherese schiantatosi contro un pilone a Verona. Il presidente dell&#8217;Associazione unitaria familiari e vittime AUFV, Alberto Pallotti: \u00abI familiari delle vittime ungheresi ci hanno chiesto di entrare nella nostra associazione per stare vicino ai familiari delle vittime di Genova. All&#8217;udienza del 15 ottobre chiederemo di costituirci parte civile\u00bb.<br \/>\nI familiari delle vittime della strage del bus ungherese, avvenuta il 20 gennaio 2017 vicino al casello di Verona Est sulla A4, si schierano in difesa dei familiari delle vittime del crollo del Ponte Morandi a Genova. Lo rende noto l&#8217;Aufv, Associazione unitaria familiari e vittime ODV, che venerd\u00ec 15 ottobre chieder\u00e0 di costituirsi parte civile all&#8217;udienza preliminare per la tragedia avvenuta a Genova il 14 agosto 2018. A dare la notizia \u00e8 Alberto Pallotti, presidente dell&#8217;Aufv, che spiega: \u00abSono stato contattato da Endre Szendrei, il rappresentante dei familiari dei diciassette tra ragazzi e accompagnatori morti sull&#8217;A4 quando l&#8217;autobus che trasportava una scolaresca ungherese and\u00f2 a schiantarsi contro un pilone e prese fuoco. L&#8217;associazione dei familiari delle vittime ungheresi ha chiesto di entrare a far parte della nostra associazione in modo da poter partecipare con noi al processo di Genova e manifestare cos\u00ec la propria vicinanza ai familiari delle vittime di quest&#8217;altra terribile strage\u00bb. Il ponte Morandi croll\u00f2 la mattina del 14 agosto 2018, causando la morte di 43 persone. Il 15 ottobre, a Genova, inizier\u00e0 l&#8217;udienza preliminare, che si terr\u00e0 nella tensostruttura all\u2019interno del tribunale per rispettare le norme anti-contagio. In totale sono 59 le persone imputate, oltre alle due societ\u00e0 Aspi e Spea. Le accuse, a vario titolo, sono di crollo doloso, attentato alla sicurezza dei trasporti, omicidio stradale, omicidio colposo plurimo, falso, omissione d\u2019atti d\u2019ufficio e rimozione dolosa di dispositivi per la sicurezza sui luoghi di lavoro. Sono oltre 300 le parti offese che si costituiranno parte civile, tra cui il Comune di Genova, la Regione e i sindacati Cgil, Cisl e Uil.<br \/>\nAnche l&#8217;Aufv, che \u00e8 una associazione che riunisce dentro di s\u00e9 altre associazioni di familiari di vittime della strada, chieder\u00e0 di costituirsi parte civile. Per l&#8217;associazione saranno presenti, tra gli altri, il presidente Alberto Pallotti e l&#8217;avvocato Walter Rapattoni, che negli ultimi anni \u00e8 stato impegnato al fianco dell&#8217;associazione in diversi processi riguardanti le stragi sulla strada, come per esempio quello nei confronti di Pietro Genovese, il figlio del regista Paolo Genovese condannato a 5 anni e 4 mesi per l&#8217;incidente in cui a Roma persero la vita due ragazzine di sedici anni. \u00abL&#8217;iniziativa dei familiari delle vittime ungheresi di voler essere presenti, attraverso di noi, al processo di Genova non pu\u00f2 che rafforzare il nostro messaggio e la nostra costituzione di parte civile\u00bb, dice Alberto Pallotti, \u00abnegli ultimi tre anni siamo stati vicini alle famiglie ungheresi nel processo tenutosi a Verona e arriveremo a Genova forti anche di questa esperienza. Confidiamo che il giudice ci ammetta tra le parti civili, permettondoci cos\u00ec di essere vicini ai familiari delle vittime del crollo del ponte Morandi, cos\u00ec come da sempre siamo vicini a tutti i familiari delle vittime della strada\u00bb.<\/p>\n","protected":false},"excerpt":{"rendered":"<p>&nbsp; CRONACA. Crollo del ponte Morandi: al processo ci saranno anche i familiari delle vittime del bus ungherese<\/p>\n","protected":false},"author":2,"featured_media":32895,"comment_status":"closed","ping_status":"closed","sticky":false,"template":"","format":"standard","meta":{"sfsi_plus_gutenberg_text_before_share":"","sfsi_plus_gutenberg_show_text_before_share":"","sfsi_plus_gutenberg_icon_type":"","sfsi_plus_gutenberg_icon_alignemt":"","sfsi_plus_gutenburg_max_per_row":"","footnotes":""},"categories":[8],"tags":[],"class_list":["post-32894","post","type-post","status-publish","format-standard","has-post-thumbnail","hentry","category-cronaca"],"_links":{"self":[{"href":"https:\/\/www.thereportzone.it\/index.php?rest_route=\/wp\/v2\/posts\/32894"}],"collection":[{"href":"https:\/\/www.thereportzone.it\/index.php?rest_route=\/wp\/v2\/posts"}],"about":[{"href":"https:\/\/www.thereportzone.it\/index.php?rest_route=\/wp\/v2\/types\/post"}],"author":[{"embeddable":true,"href":"https:\/\/www.thereportzone.it\/index.php?rest_route=\/wp\/v2\/users\/2"}],"replies":[{"embeddable":true,"href":"https:\/\/www.thereportzone.it\/index.php?rest_route=%2Fwp%2Fv2%2Fcomments&post=32894"}],"version-history":[{"count":0,"href":"https:\/\/www.thereportzone.it\/index.php?rest_route=\/wp\/v2\/posts\/32894\/revisions"}],"wp:featuredmedia":[{"embeddable":true,"href":"https:\/\/www.thereportzone.it\/index.php?rest_route=\/"}],"wp:attachment":[{"href":"https:\/\/www.thereportzone.it\/index.php?rest_route=%2Fwp%2Fv2%2Fmedia&parent=32894"}],"wp:term":[{"taxonomy":"category","embeddable":true,"href":"https:\/\/www.thereportzone.it\/index.php?rest_route=%2Fwp%2Fv2%2Fcategories&post=32894"},{"taxonomy":"post_tag","embeddable":true,"href":"https:\/\/www.thereportzone.it\/index.php?rest_route=%2Fwp%2Fv2%2Ftags&post=32894"}],"curies":[{"name":"wp","href":"https:\/\/api.w.org\/{rel}","templated":true}]}}