{"id":32865,"date":"2021-10-14T10:12:54","date_gmt":"2021-10-14T08:12:54","guid":{"rendered":"https:\/\/www.thereportzone.it\/?p=32865"},"modified":"2021-10-14T10:12:54","modified_gmt":"2021-10-14T08:12:54","slug":"pescara-aversa-morte-diallo-thiana-udienza-rinviata-all8-giugno-2022-a-i-f-v-s-odv-parte-civile","status":"publish","type":"post","link":"https:\/\/www.thereportzone.it\/?p=32865","title":{"rendered":"PESCARA\/AVERSA &#8211; Morte Diallo Thiana, udienza rinviata all\u20198 giugno 2022. A.I.F.V.S ODV parte civile"},"content":{"rendered":"<p>&nbsp;<br \/>\nPESCARA\/AVERSA &#8211; A.I.F.V.S. ODV: Riceviamo e pubblichiamo dal responsabile alla stampa e Vice Presidente e responsabile di<br \/>\nsede di Aversa e dell\u2019agro aversano. il seguente comunicato inviato da Biagio Ciaramella.<br \/>\nNella mattinata di luned\u00ec 11 ottobre 2021, l\u2019Associazione Italiana Familiari e Vittime della Strada ODV ha preso parte alla prima udienza dopo il rinvio a giudizio del Gup Giovanni De Rensis, in relazione al processo per la morte di Diallo Mamadou Thiana. L\u2019assise pubblica ha avuto luogo presso il Tribunale di Pescara in composizione monocratica, dinanzi al giudice Virginia Maria Libera Scalera.<br \/>\nLA RICOSTRUZIONE &#8211; L\u2019imputato, Jonathan di Domizio, alla guida di un autocarro Fiat Ducato, stava viaggiando ad una velocit\u00e0 compresa tra i 60 e gli 80 km\/h sulla Catignano-Civitacquana, nella notte tra il 9 ed il 10 luglio del 2019. Erano le 23:40 quando Diallo Mamadou Thiana stava, transitando sul margine destro della strada e fu investito, finendo tra i rami dove, a causa delle numerose e gravi lesioni riportate, esal\u00f2 l\u2019ultimo respiro. Il corpo della vittima venne ritrovato esanime alle ore 15:30 del luglio. A carico di Di Domizio, l\u2019accusa di violazione delle regole imposte dal codice stradale, poich\u00e9 risultava al cellulare nell\u2019ora in cui si venne a verificare all\u2019accaduto, oltre all\u2019omissione di soccorso (secondo le indagini condotte dai carabinieri, l\u2019uomo, dopo l\u2019accaduto, si rec\u00f2 sul posto due volte, per poi darsi alla fuga). Riversati sul manto stradale, poco dopo l\u2019impatto, voi erano lo specchietto retrovisore dell\u2019autocarro, il borsello di Diallo e diversi frantumi. \u201cRegistriamo il rinvio all\u20198 giugno del 2022, alle ore 12:00 &#8211; afferma l\u2019avvocato dell\u2019A.I.F.V.S. ODV, Walter Rapattoni -. Nell\u2019occasione verrano ascoltati i primi cinque dei quindici testimoni ammessi dalla Procura. Ho richiesto il controesame di tutti i testimoni delle altre parti, l\u2019assenso a riguardo dell\u2019imputato e la riserva di produzione documentali. La difesa dell\u2019imputato si \u00e8 riservata di produrre una perizia tecnica. I parenti della vittima sono stati risarciti ed \u00e8 stata ritirata, da ognuno di loro, la costituzione come parte civile\u201d. \u201cLa nostra associazione ha ottenuto un nuovo importante riconoscimento, ancora una volta \u00e8 stata riconosciuta come portatrice di un interesse generale a tutela della vita &#8211; afferma il presidente dell\u2019Associazione Italiana Familiari e Vittime della Strada ODV, Alberto Pallotti -.<br \/>\nE\u2019 un ruolo in cui ci ritroviamo profondamente e su cui abbiamo strutturato tutto il lavoro svolto dal primo giorno di attivit\u00e0 su piano nazionale e locale. Cercheremo di far emergere la verit\u00e0 e chiederemo quella giustizia che troppe volte \u00e8 stata negata nei Tribunali italiani. Non ci piegheremo dinanzi alle offerte risarcitorie che hanno il fine ultimo di eliminarci dal procedimento come parte civile e lo seguiremo, passo passo, sino alla fine, nel rispetto di chi non c\u2019\u00e8 pi\u00f9 e che non pu\u00f2<br \/>\ndifendersi\u201d.<br \/>\n&nbsp;<\/p>\n","protected":false},"excerpt":{"rendered":"<p>&nbsp; PESCARA\/AVERSA &#8211; A.I.F.V.S. ODV: Riceviamo e pubblichiamo dal responsabile alla stampa e Vice Presidente e responsabile di<\/p>\n","protected":false},"author":2,"featured_media":32867,"comment_status":"closed","ping_status":"closed","sticky":false,"template":"","format":"standard","meta":{"sfsi_plus_gutenberg_text_before_share":"","sfsi_plus_gutenberg_show_text_before_share":"","sfsi_plus_gutenberg_icon_type":"","sfsi_plus_gutenberg_icon_alignemt":"","sfsi_plus_gutenburg_max_per_row":"","footnotes":""},"categories":[8],"tags":[],"class_list":["post-32865","post","type-post","status-publish","format-standard","has-post-thumbnail","hentry","category-cronaca"],"_links":{"self":[{"href":"https:\/\/www.thereportzone.it\/index.php?rest_route=\/wp\/v2\/posts\/32865"}],"collection":[{"href":"https:\/\/www.thereportzone.it\/index.php?rest_route=\/wp\/v2\/posts"}],"about":[{"href":"https:\/\/www.thereportzone.it\/index.php?rest_route=\/wp\/v2\/types\/post"}],"author":[{"embeddable":true,"href":"https:\/\/www.thereportzone.it\/index.php?rest_route=\/wp\/v2\/users\/2"}],"replies":[{"embeddable":true,"href":"https:\/\/www.thereportzone.it\/index.php?rest_route=%2Fwp%2Fv2%2Fcomments&post=32865"}],"version-history":[{"count":0,"href":"https:\/\/www.thereportzone.it\/index.php?rest_route=\/wp\/v2\/posts\/32865\/revisions"}],"wp:featuredmedia":[{"embeddable":true,"href":"https:\/\/www.thereportzone.it\/index.php?rest_route=\/"}],"wp:attachment":[{"href":"https:\/\/www.thereportzone.it\/index.php?rest_route=%2Fwp%2Fv2%2Fmedia&parent=32865"}],"wp:term":[{"taxonomy":"category","embeddable":true,"href":"https:\/\/www.thereportzone.it\/index.php?rest_route=%2Fwp%2Fv2%2Fcategories&post=32865"},{"taxonomy":"post_tag","embeddable":true,"href":"https:\/\/www.thereportzone.it\/index.php?rest_route=%2Fwp%2Fv2%2Ftags&post=32865"}],"curies":[{"name":"wp","href":"https:\/\/api.w.org\/{rel}","templated":true}]}}