{"id":32842,"date":"2021-10-12T09:46:10","date_gmt":"2021-10-12T07:46:10","guid":{"rendered":"https:\/\/www.thereportzone.it\/?p=32842"},"modified":"2021-10-12T09:46:10","modified_gmt":"2021-10-12T07:46:10","slug":"falciano-inaugurazione-pinacoteca-san-rocco-appuntamento-per-il-16-ottobre-il-messaggio-di-fratel-costantino","status":"publish","type":"post","link":"https:\/\/www.thereportzone.it\/?p=32842","title":{"rendered":"FALCIANO &#8211; Inaugurazione Pinacoteca San Rocco, appuntamento per il 16 ottobre: il messaggio di Fratel Costantino"},"content":{"rendered":"<p>&nbsp;<br \/>\n<strong>FALCIANO<\/strong>. Si svolger\u00e0 il 16 ottobre 2021 a Falciano del Massico l&#8217;inaugurazione della Pinacoteca Nazionale dedicata a San Rocco. Un evento molto atteso ed ampiamente annunciato da Fratel Costantino De Bellis che, per l&#8217;occasione, ci ha inviato un nuovo messaggio d&#8217;invito rivolto a tutta la cittadinanza.<br \/>\n&#8220;Carissimi amici e devoti di San Rocco, come gi\u00e0 sapete, abbiamo scelto di farci accompagnare in questo itinerario di vita dall\u2019esempio e dall\u2019intercessione di San Rocco, il giovane di Montpellier che Dio ha scelto quale suo imitatore ed amico. Lui cammina con noi verso una fede vissuta, una speranza che non crolla e una carit\u00e0 ardente. Oggi viviamo momenti di confusione e paure che ci rendono tristi e vulnerabili, ma ancor di pi\u00f9 le chiacchiere e le accuse sono quelle che vogliono danneggiare la nostra societ\u00e0 e tutti i suoi componenti.<br \/>\n\u00c8 necessario allora il silenzio della preghiera per ascoltare solo la voce di Dio che risuona nella coscienza. Egli bussa alla porta dei nostri cuori, come ha fatto con San Rocco , ed \u00e8 desideroso di stringersi in amicizia con noi attraverso la preghiera, di farci Amici sul comandamento dell\u2019amore. Con questi sentimenti vi aspettiamo con affetto nell\u2019 accogliente comunit\u00e0 di Falciano del Massico (Caserta) dove sar\u00e0 inaugurata la pinacoteca nazionale dedicata a San Rocco&#8221;. <strong><em>Fartel Constantino De Bellis<\/em><\/strong>. PER MAGGIORI INFO VISITA\u00a0 <a class=\"eitrnnnw q9zga3eg l56ov5p2\" href=\"https:\/\/l.facebook.com\/l.php?u=http%3A%2F%2Fwww.amicidisanrocco.it%2F%3Ffbclid%3DIwAR06gJfihBqAM581KZTkZVfYvk8MT2y-RM5S9weu-6LlrKnG45rO_ekG-oA&amp;h=AT2B_iGzcjWd9Gl5E8h04y8yIx-bdPc86E4QozBii3q0hK-VzldNqVxPJ2xDkTdpxtfuVikId5Kcz9Uz30AhdqMtOTOIhYAnQDr_eBST6CmvzxZz5tu4m_1zAQ7jJ8f-qWNzHw\" target=\"_blank\" rel=\"nofollow noopener\" data-lynx-mode=\"hover\">www.amicidisanrocco.it<\/a><\/p>\n","protected":false},"excerpt":{"rendered":"<p>&nbsp; FALCIANO. Si svolger\u00e0 il 16 ottobre 2021 a Falciano del Massico l&#8217;inaugurazione della Pinacoteca Nazionale dedicata a<\/p>\n","protected":false},"author":2,"featured_media":32843,"comment_status":"closed","ping_status":"closed","sticky":false,"template":"","format":"standard","meta":{"sfsi_plus_gutenberg_text_before_share":"","sfsi_plus_gutenberg_show_text_before_share":"","sfsi_plus_gutenberg_icon_type":"","sfsi_plus_gutenberg_icon_alignemt":"","sfsi_plus_gutenburg_max_per_row":"","footnotes":""},"categories":[10,4],"tags":[],"class_list":["post-32842","post","type-post","status-publish","format-standard","has-post-thumbnail","hentry","category-cultura","category-falciano"],"_links":{"self":[{"href":"https:\/\/www.thereportzone.it\/index.php?rest_route=\/wp\/v2\/posts\/32842"}],"collection":[{"href":"https:\/\/www.thereportzone.it\/index.php?rest_route=\/wp\/v2\/posts"}],"about":[{"href":"https:\/\/www.thereportzone.it\/index.php?rest_route=\/wp\/v2\/types\/post"}],"author":[{"embeddable":true,"href":"https:\/\/www.thereportzone.it\/index.php?rest_route=\/wp\/v2\/users\/2"}],"replies":[{"embeddable":true,"href":"https:\/\/www.thereportzone.it\/index.php?rest_route=%2Fwp%2Fv2%2Fcomments&post=32842"}],"version-history":[{"count":0,"href":"https:\/\/www.thereportzone.it\/index.php?rest_route=\/wp\/v2\/posts\/32842\/revisions"}],"wp:featuredmedia":[{"embeddable":true,"href":"https:\/\/www.thereportzone.it\/index.php?rest_route=\/"}],"wp:attachment":[{"href":"https:\/\/www.thereportzone.it\/index.php?rest_route=%2Fwp%2Fv2%2Fmedia&parent=32842"}],"wp:term":[{"taxonomy":"category","embeddable":true,"href":"https:\/\/www.thereportzone.it\/index.php?rest_route=%2Fwp%2Fv2%2Fcategories&post=32842"},{"taxonomy":"post_tag","embeddable":true,"href":"https:\/\/www.thereportzone.it\/index.php?rest_route=%2Fwp%2Fv2%2Ftags&post=32842"}],"curies":[{"name":"wp","href":"https:\/\/api.w.org\/{rel}","templated":true}]}}