{"id":32759,"date":"2021-10-06T15:51:11","date_gmt":"2021-10-06T13:51:11","guid":{"rendered":"https:\/\/www.thereportzone.it\/?p=32759"},"modified":"2021-10-06T15:51:11","modified_gmt":"2021-10-06T13:51:11","slug":"carinola-politica-in-primo-piano-verso-il-primo-consiglio-comunale-dellamministrazione-guidata-da-giuseppina-di-biasio","status":"publish","type":"post","link":"https:\/\/www.thereportzone.it\/?p=32759","title":{"rendered":"CARINOLA &#8211; Politica in primo piano: verso il primo consiglio comunale dell&#8217;amministrazione guidata da Giuseppina Di Biasio"},"content":{"rendered":"<p>&nbsp;<br \/>\n<strong>CARINOLA<\/strong> &#8211; Conclusi i festeggiamenti, archiviata ufficialmente la proclamazione degli eletti, inizia ora il conto alla rovescia per la prima seduta di consiglio comunale con la guida dell&#8217;avvocatessa Giuseppina Di Biasio. Snocciolando il regolamento in tal senso si avr\u00e0 di tempo un massimo di 20 giorni per celebrare il primo civico consesso\u00a0 del quinquennio 2021-26.<br \/>\nE&#8217; inutile negare che dopo aver parlato ampiamente del programma di cui intende occuparsi la coalizione &#8220;Carinola Futura&#8221;, si discuter\u00e0 in questi giorni della formazione dell&#8217;esecutivo e degli incarichi (assessoriali e non) che si intende assegnare ai consiglieri eletti. La giunta dovr\u00e0 essere formata da un totale di 5 persone compreso il sindaco. Chiaro c&#8217;\u00e8 il pi\u00f9 stretto riserbo su quali porranno essere le scelte degli assessori. Nomi al momento non se ne fanno.<\/p>\n","protected":false},"excerpt":{"rendered":"<p>&nbsp; CARINOLA &#8211; Conclusi i festeggiamenti, archiviata ufficialmente la proclamazione degli eletti, inizia ora il conto alla rovescia<\/p>\n","protected":false},"author":2,"featured_media":32032,"comment_status":"closed","ping_status":"closed","sticky":false,"template":"","format":"standard","meta":{"sfsi_plus_gutenberg_text_before_share":"","sfsi_plus_gutenberg_show_text_before_share":"","sfsi_plus_gutenberg_icon_type":"","sfsi_plus_gutenberg_icon_alignemt":"","sfsi_plus_gutenburg_max_per_row":"","footnotes":""},"categories":[2973,9],"tags":[],"class_list":["post-32759","post","type-post","status-publish","format-standard","has-post-thumbnail","hentry","category-carinola","category-politica"],"_links":{"self":[{"href":"https:\/\/www.thereportzone.it\/index.php?rest_route=\/wp\/v2\/posts\/32759"}],"collection":[{"href":"https:\/\/www.thereportzone.it\/index.php?rest_route=\/wp\/v2\/posts"}],"about":[{"href":"https:\/\/www.thereportzone.it\/index.php?rest_route=\/wp\/v2\/types\/post"}],"author":[{"embeddable":true,"href":"https:\/\/www.thereportzone.it\/index.php?rest_route=\/wp\/v2\/users\/2"}],"replies":[{"embeddable":true,"href":"https:\/\/www.thereportzone.it\/index.php?rest_route=%2Fwp%2Fv2%2Fcomments&post=32759"}],"version-history":[{"count":0,"href":"https:\/\/www.thereportzone.it\/index.php?rest_route=\/wp\/v2\/posts\/32759\/revisions"}],"wp:featuredmedia":[{"embeddable":true,"href":"https:\/\/www.thereportzone.it\/index.php?rest_route=\/"}],"wp:attachment":[{"href":"https:\/\/www.thereportzone.it\/index.php?rest_route=%2Fwp%2Fv2%2Fmedia&parent=32759"}],"wp:term":[{"taxonomy":"category","embeddable":true,"href":"https:\/\/www.thereportzone.it\/index.php?rest_route=%2Fwp%2Fv2%2Fcategories&post=32759"},{"taxonomy":"post_tag","embeddable":true,"href":"https:\/\/www.thereportzone.it\/index.php?rest_route=%2Fwp%2Fv2%2Ftags&post=32759"}],"curies":[{"name":"wp","href":"https:\/\/api.w.org\/{rel}","templated":true}]}}