{"id":32553,"date":"2021-09-24T09:53:41","date_gmt":"2021-09-24T07:53:41","guid":{"rendered":"https:\/\/www.thereportzone.it\/?p=32553"},"modified":"2021-09-24T09:53:41","modified_gmt":"2021-09-24T07:53:41","slug":"caserta-elezioni-martelli-a-caserta-per-tirare-la-volata-ai-socialisti-uniti","status":"publish","type":"post","link":"https:\/\/www.thereportzone.it\/?p=32553","title":{"rendered":"CASERTA &#8211; Elezioni, Martelli  a Caserta per tirare la volata ai &#8216;SOCIALISTI UNITI&#8217;"},"content":{"rendered":"<p>&nbsp;<br \/>\nCASERTA &#8211;<b>Claudio Martelli<\/b>\u00a0a Caserta per tirare la volata ai\u00a0<b>Socialisti Uniti<\/b>. Lo storico leader socialista, ex ministro di Grazia e Giustizia ed attuale direttore del quotidiano fondato da Leonida Bissolati, sar\u00e0 nel Capoluogo di Terra di Lavoro per un intervento a sostegno della campagna elettorale per la lista socialista che appoggia Carlo Marino sindaco alle elezioni amministrative del 3 e 4 ottobre 2021. L&#8217;evento \u00e8 in programma sabato 25 settembre, alle ore 11, presso il teatro &#8216;Centoundici&#8217; in via G.M. Bosco, all&#8217;interno del Forum Caserta. All&#8217;evento interverranno: il coordinatore provinciale del movimento Avanti Italia,\u00a0<b>Francesco Brancaccio<\/b>; l&#8217;ex sottosegretario di Stato all&#8217;Industria, Commercio ed Artigianato,\u00a0<b>Felice Iossa<\/b>; il sindaco\u00a0<b>Carlo Marino<\/b>; il consigliere comunale uscente\u00a0<b>Gianluca Iannucci<\/b>. Nel corso dell&#8217;incontro saranno presentati anche i 32 candidati alla carica di consigliere comunale della lista Socialisti Uniti.<br \/>\n&#8220;Riunire i Socialisti per rinnovare la Repubblica: questa era la vera volont\u00e0 di Craxi per il futuro del Psi.<br \/>\nCreare un nuovo percorso del Socialismo italiano &#8211; afferma Francesco Brancaccio &#8211; Come diceva Nenni, rinnovarsi o perire. Da questo pensiero a Caserta abbiamo provato a tracciare la strada maestra: unire tutti i Socialisti sotto un&#8217;unica casa, ospitando tutte le varie anime laiche, moderate, liberali e riformiste. Questo \u00e8 il percorso che dobbiamo riprendere per ritornare ad essere nuovamente il vero motore riformista del nostro Paese.<br \/>\nLa venuta di Martelli apre una nuova fase del socialismo casertano che vuole iniziare a dialogare con tutte le forze socialiste e riformiste presenti nel Paese, cercando di superare quelle barriere personalistiche che per anni hanno diviso le varie aree socialiste. La presenza di Claudio Martelli conferma e dimostra l&#8217;attenzione rivolta da parte del Nazionale al progetto politico che abbiamo messo in piedi qui a Caserta, unificando tutte le forze socialiste. Possiamo affermare con serenit\u00e0 che Caserta sar\u00e0 un laboratorio politico da tenere d&#8217;occhio per il futuro del Socialismo Italiano&#8221;.<br \/>\n&#8220;L&#8217;intervento a sostegno della campagna elettorale in citt\u00e0 da parte di Martelli mi inorgoglisce &#8211; sottolinea Gianluca Iannucci &#8211; Certifica da un lato l&#8217;attenzione al territorio da parte di uno dei protagonisti assoluti della Prima Repubblica e dall&#8217;altro il continuo processo di crescita del partito in citt\u00e0. Sar\u00e0 sicuramente per tutti noi un evento formativo sulla strada di quel liberal-socialismo del quale oggi ce n&#8217;\u00e8 tanto bisogno&#8221;.<\/p>\n","protected":false},"excerpt":{"rendered":"<p>&nbsp; CASERTA &#8211;Claudio Martelli\u00a0a Caserta per tirare la volata ai\u00a0Socialisti Uniti. Lo storico leader socialista, ex ministro di<\/p>\n","protected":false},"author":2,"featured_media":30730,"comment_status":"closed","ping_status":"closed","sticky":false,"template":"","format":"standard","meta":{"sfsi_plus_gutenberg_text_before_share":"","sfsi_plus_gutenberg_show_text_before_share":"","sfsi_plus_gutenberg_icon_type":"","sfsi_plus_gutenberg_icon_alignemt":"","sfsi_plus_gutenburg_max_per_row":"","footnotes":""},"categories":[6,9],"tags":[],"class_list":["post-32553","post","type-post","status-publish","format-standard","has-post-thumbnail","hentry","category-caserta","category-politica"],"_links":{"self":[{"href":"https:\/\/www.thereportzone.it\/index.php?rest_route=\/wp\/v2\/posts\/32553"}],"collection":[{"href":"https:\/\/www.thereportzone.it\/index.php?rest_route=\/wp\/v2\/posts"}],"about":[{"href":"https:\/\/www.thereportzone.it\/index.php?rest_route=\/wp\/v2\/types\/post"}],"author":[{"embeddable":true,"href":"https:\/\/www.thereportzone.it\/index.php?rest_route=\/wp\/v2\/users\/2"}],"replies":[{"embeddable":true,"href":"https:\/\/www.thereportzone.it\/index.php?rest_route=%2Fwp%2Fv2%2Fcomments&post=32553"}],"version-history":[{"count":0,"href":"https:\/\/www.thereportzone.it\/index.php?rest_route=\/wp\/v2\/posts\/32553\/revisions"}],"wp:featuredmedia":[{"embeddable":true,"href":"https:\/\/www.thereportzone.it\/index.php?rest_route=\/"}],"wp:attachment":[{"href":"https:\/\/www.thereportzone.it\/index.php?rest_route=%2Fwp%2Fv2%2Fmedia&parent=32553"}],"wp:term":[{"taxonomy":"category","embeddable":true,"href":"https:\/\/www.thereportzone.it\/index.php?rest_route=%2Fwp%2Fv2%2Fcategories&post=32553"},{"taxonomy":"post_tag","embeddable":true,"href":"https:\/\/www.thereportzone.it\/index.php?rest_route=%2Fwp%2Fv2%2Ftags&post=32553"}],"curies":[{"name":"wp","href":"https:\/\/api.w.org\/{rel}","templated":true}]}}