{"id":32541,"date":"2021-09-24T09:24:41","date_gmt":"2021-09-24T07:24:41","guid":{"rendered":"https:\/\/www.thereportzone.it\/?p=32541"},"modified":"2021-09-24T09:24:41","modified_gmt":"2021-09-24T07:24:41","slug":"carinola-verso-il-voto-delle-comunali-i-candidati-sindaco-parlano-di-progetti-e-idee-per-il-territorio-comunale","status":"publish","type":"post","link":"https:\/\/www.thereportzone.it\/?p=32541","title":{"rendered":"CARINOLA &#8211; Verso il voto delle comunali: i candidati rispondono alle domande sui progetti per il territorio comunale"},"content":{"rendered":"<p>&nbsp;<br \/>\n<strong>CARINOLA.<\/strong>\u00a0Manca poco pi\u00f9 di una settimana e poi si andr\u00e0 alle urne. I candidati sindaco <strong>Giuseppina Di Biasio<\/strong> e <strong>Ugo De Crescenzo<\/strong> in questi giorni stanno mettendo in evidenza quali potranno essere le problematiche da affrontare nel prossimo quinquennio. Chiunque vincer\u00e0 avr\u00e0 l&#8217;onere di dare alla cittadinanza il massimo impegno per migliorare i servizi. E questo lo si potr\u00e0 fare con ogni probabilit\u00e0 anche con i fondi che arriveranno dalla comunit\u00e0 Europea, quelli per intenderci del cosiddetto Pnrr. E allora cosa intendono fare al riguardo gli aspiranti sindaco? I temi in oggetto sono stati trattati anche su altri organi di informazione della carta stampata.<br \/>\nEcco cosa ha risposto sul tema Giuseppina Di Biasio che fa parte della lista &#8220;Carinola Futura&#8221;:\u00a0 &#8220;La nostra prima azione amministrativa punter\u00e0 proprio al raggiungimento di questo importante obiettivo attraverso la formazione di un gruppo di professionisti che a titolo gratuito avr\u00e0 come unico scopo la creazione di progetti importanti e concreti che, una volta finanziati, cambieranno nella forma e nella sostanza l\u2019intero territorio di Carinola. Il nostro obiettivo \u00e8 creare in tempi molto rapidi i presupposti di sostenibilit\u00e0 finanziaria idonei a sfruttare al meglio le potenzialit\u00e0 turistiche, agricole e quelle del settore industriale ed artigianale del nostro territorio. &#8220;.<br \/>\nSul fronte opposto Ugo De Crescenzo, capolista di &#8220;Carinola Riparte&#8221;\u00a0 interpellato sullo stesso tema ha affermato:\u00a0 &#8220;Carinola ha un&#8217;occasione che non pu\u00f2 permettersi di perdere. Sar\u00e0 nostro dovere intercettare i fondi che arriveranno, per cui la nostra lista ha gi\u00e0 previsto delle figure professionali che lavoreranno su questo aspetto. Si tratta di professionisti che si occupano di recuperare fondi strutturali, fondi per quanto riguardo l&#8217;agricoltura. Grazie ai finanziamenti, l&#8217;obiettivo \u00e8 far ripartire un&#8217;economia che \u00e8 allo sbando, provando a garantire uno sviluppo agricolo, perch\u00e9 Carinola \u00e8 una citt\u00e0 prevalentemente agricola, e di tutti quegli altri settori che permettano di evitare lo spopolamento del territorio. E&#8217; arrivato il tempo di installare dei cartelloni ai vari ingressi della citt\u00e0 con le scritte &#8220;Carinola citt\u00e0 del vino, citt\u00e0 dell&#8217;olio, citt\u00e0 della pesca&#8221;, perch\u00e9 i nostri prodotti sono conosciuti dappertutto e dobbiamo essere orgogliosi di tale motivo di vanto&#8221;. Sar\u00e0 nostra cura porre altri quesiti ai candidati sindaco e metterli in primo piano attraverso queste pagine.<br \/>\n&nbsp;<br \/>\n&nbsp;<\/p>\n","protected":false},"excerpt":{"rendered":"<p>&nbsp; CARINOLA.\u00a0Manca poco pi\u00f9 di una settimana e poi si andr\u00e0 alle urne. I candidati sindaco Giuseppina Di<\/p>\n","protected":false},"author":2,"featured_media":32081,"comment_status":"closed","ping_status":"closed","sticky":false,"template":"","format":"standard","meta":{"sfsi_plus_gutenberg_text_before_share":"","sfsi_plus_gutenberg_show_text_before_share":"","sfsi_plus_gutenberg_icon_type":"","sfsi_plus_gutenberg_icon_alignemt":"","sfsi_plus_gutenburg_max_per_row":"","footnotes":""},"categories":[2973,9],"tags":[],"class_list":["post-32541","post","type-post","status-publish","format-standard","has-post-thumbnail","hentry","category-carinola","category-politica"],"_links":{"self":[{"href":"https:\/\/www.thereportzone.it\/index.php?rest_route=\/wp\/v2\/posts\/32541"}],"collection":[{"href":"https:\/\/www.thereportzone.it\/index.php?rest_route=\/wp\/v2\/posts"}],"about":[{"href":"https:\/\/www.thereportzone.it\/index.php?rest_route=\/wp\/v2\/types\/post"}],"author":[{"embeddable":true,"href":"https:\/\/www.thereportzone.it\/index.php?rest_route=\/wp\/v2\/users\/2"}],"replies":[{"embeddable":true,"href":"https:\/\/www.thereportzone.it\/index.php?rest_route=%2Fwp%2Fv2%2Fcomments&post=32541"}],"version-history":[{"count":0,"href":"https:\/\/www.thereportzone.it\/index.php?rest_route=\/wp\/v2\/posts\/32541\/revisions"}],"wp:featuredmedia":[{"embeddable":true,"href":"https:\/\/www.thereportzone.it\/index.php?rest_route=\/"}],"wp:attachment":[{"href":"https:\/\/www.thereportzone.it\/index.php?rest_route=%2Fwp%2Fv2%2Fmedia&parent=32541"}],"wp:term":[{"taxonomy":"category","embeddable":true,"href":"https:\/\/www.thereportzone.it\/index.php?rest_route=%2Fwp%2Fv2%2Fcategories&post=32541"},{"taxonomy":"post_tag","embeddable":true,"href":"https:\/\/www.thereportzone.it\/index.php?rest_route=%2Fwp%2Fv2%2Ftags&post=32541"}],"curies":[{"name":"wp","href":"https:\/\/api.w.org\/{rel}","templated":true}]}}