{"id":32500,"date":"2021-09-23T10:02:53","date_gmt":"2021-09-23T08:02:53","guid":{"rendered":"https:\/\/www.thereportzone.it\/?p=32500"},"modified":"2021-09-23T10:02:53","modified_gmt":"2021-09-23T08:02:53","slug":"san-giorgio-a-cremano-un-anno-di-amministrazione-del-sindaco-giorgio-zinno-resoconto-e-progetti-futuri","status":"publish","type":"post","link":"https:\/\/www.thereportzone.it\/?p=32500","title":{"rendered":"SAN GIORGIO A CREMANO &#8211; Un anno di amministrazione del sindaco Giorgio Zinno: resoconto e progetti futuri"},"content":{"rendered":"<p>&nbsp;<br \/>\nSAN GIORGIO A CREMANO &#8211; Esattamente un anno fa, oltre il 65 % dei sangiorgesi riconferm\u00f2 Il sindaco Giorgio Zinno alla guida della citt\u00e0. Un risultato arrivato in un momento non facile, in cui l&#8217;emergenza Covid ha costretto tutti ad un radicale cambio di prospettiva e ad introdurre nuovi obiettivi per San Giorgio a Cremano e per la sua comunit\u00e0.<\/p>\n<p class=\"v1MsoNormal\">Il Primo Cittadino ha lavorato in piena sinergia con l&#8217;amministrazione comunale e con grande impegno, guardano alle esigenze di una citt\u00e0 scossa dall&#8217;emergenza sanitaria e dalla crisi economica, ma puntando anche al futuro, in una prospettiva di crescita e con una nuova visione di citt\u00e0.<\/p>\n<p class=\"v1MsoNormal\">\n<p class=\"v1MsoNormal\">Nel primo anno di amministrazione, viste le grandi difficolt\u00e0 anche economiche create dalla pandemia si p deciso di dare priorit\u00e0 alle POLITICHE SOCIALI nei confronti delle fasce pi\u00f9 deboli, realizzando:<\/p>\n<p class=\"v1MsoNormal\">attivit\u00e0 di sostegno alimentare per le esigenze delle famiglie in difficolt\u00e0; acquisto di tablet e strumentazioni tecnologiche per gli studenti che non avevano possibilit\u00e0 di seguire le lezioni in DAD; Sono stati assegnati, per la prima volta, i bonus per i nuovi nati al fine di aiutare coloro che sono diventati genitori nel difficile momento della pandemia; sono stati donati saturimetri gratuiti ai cittadini in difficolt\u00e0; consegnati 4 appartamenti confiscati alla criminalit\u00e0 a famiglie in attesa di una casa; \u00e8 stato inaugurato il primo Centro Antiviolenza e Casa di accoglienza per donne maltrattate, anche questo in beni confiscati; \u00e8 stato ripristinato il soggiorno gratuito per gli anziani e i campi estivi per i ragazzi, confermate e incrementate le agevolazioni sulla Tari per utenze domestiche e non;<\/p>\n<p class=\"v1MsoNormal\">\n<p class=\"v1MsoNormal\">Sul fronte SCUOLA:<\/p>\n<p class=\"v1MsoNormal\">sono stati dotati gli istituti comprensivi di un piccolo fondo economico per soddisfare tempestivamente le necessit\u00e0 degli istituti scolastici; sono stati realizzati in tutti i plessi che ne avevano necessit\u00e0 interventi di restyling esterni ed interni, dando la priorit\u00e0 alle esigenze di sicurezza, per garantire il giusto distanziamento e per offrire ambienti sempre pi\u00f9 accoglienti; in taluni istituti infatti abbiamo creato aule ex novo e pareti mobili per ampliare gli spazi didattici; nuovi servizi igienici e impermeabilizzazioni delle coperture.<\/p>\n<p class=\"v1MsoNormal\">Il tutto ascoltando e concordando le attivit\u00e0 in base alle necessit\u00e0 manifestare dai dirigenti scolastici con cui l&#8217;amministrazione si confronta costantemente. Inoltre, \u00a0sar\u00e0 riavviata la refezione scolastica, garantendo le esenzioni per le fasce deboli e sono stati confermati i buoni libro per le famiglie in difficolt\u00e0. Inoltre sono state riavviate le attivit\u00e0 dell&#8217;asilo Nido, fiore all&#8217;occhiello della citt\u00e0.<\/p>\n<p class=\"v1MsoNormal\">\n<p class=\"v1MsoNormal\">LAVORI PUBBLICI: i progetti contenuti nel programma elettorale sono tanti e anche ambiziosi. Oggi, in un anno di amministrazione, \u00a0sono stati gi\u00e0 avviati gran parte di essi, intercettando fondi ed investendo in moltissime attivit\u00e0 di restyling: da Piazza Troisi, che sar\u00e0 inaugurata ormai a breve nonostante alcuni ritardi dovuti ai pareri della Sovrintendenza, alla manutenzione straordinaria di molte strade, \u00a0con nuove carreggiate e marciapiedi; dal completamento del meraviglioso parco di Villa Bruno, inaugurato quest&#8217;anno durante il Premio Troisi, all&#8217;efficientamento energetico che ha migliorato l&#8217;illuminazione in tantissime zone della citt\u00e0, risolvendo anche problemi atavici dovuti ad impianti ormai obsoleti. E ancora, dall&#8217;abbattimento della scuola Cappiello, che verr\u00e0 ricostruita ex novo, alla costruzione del nuovo Commissariato di Polizia, il cui accordo con il Ministero degli Interni, \u00e8 stato definito e concluso all&#8217;inizio di questo nuovo mandato.<\/p>\n<p class=\"v1MsoNormal\">Restando sul fronte SICUREZZA:<\/p>\n<p class=\"v1MsoNormal\">\u00a0\u00e8 stato implementato il numero delle telecamere di videosorveglianza grazie al progetto &#8220;Scuole Sicure&#8221; finanziato dalla Prefettura, che ha consentito di posizionare altre 18 telecamere davanti agli istituti scolastici; allo stesso tempo \u00e8 stata effettuata la manutenzione di tutte le altre telecamere sul territorio, rendendole di nuovo funzionanti e coprendo quindi quasi tutta la citt\u00e0.<\/p>\n<p class=\"v1MsoNormal\">\n<p class=\"v1MsoNormal\">Dal punto di vista URBANISTICO: \u00e8 stato approvato il preliminare del PUC ed entro il 31 dicembre sar\u00e0 \u00a0approvato il piano definitivo, ridisegnando cos\u00ec il territorio, attraverso la riorganizzazione di aree e servizi.<\/p>\n<p class=\"v1MsoNormal\">\n<p class=\"v1MsoNormal\">Inoltre l&#8217;amministrazione sta mantenendo l&#8217;impegno sul fronte OCCUPAZIONE:<\/p>\n<p class=\"v1MsoNormal\">avviati i concorsi per agenti di polizia municipale, per istruttori amministrativi, per istruttori di vigilanza ambientale per esperti informatici. In questo modo la citt\u00e0 avr\u00e0 un corpo di polizia ancora pi\u00f9 numeroso e una macchina amministrativa pi\u00f9 efficiente, grazie a nuovi innesti che verranno distribuiti nei vari uffici.<\/p>\n<p class=\"v1MsoNormal\">\n<p class=\"v1MsoNormal\">Sulle PARI OPPORTUNITA&#8217; E SULLE POLITICHE DI INTEGRAZIONE: \u00e8 stato nominato un garante dei disabili e un garante degli anziani, approvato il nuovo regolamento del Tavolo per le Pari Opportunit\u00e0 ed eletto il direttivo del nuovo Forum dei Giovani. Presentato il progetto per uno sportello Lgbt.<\/p>\n<p class=\"v1MsoNormal\">\n<p class=\"v1MsoNormal\">Infine sul piano della CULTURA, dopo il lockdown sono riprese le attivit\u00e0 in presenza, incrementando il background che ha dato a San Giorgio a Cremano \u00a0la definizione di Citt\u00e0 della Cultura; in primis con il Premio Troisi e poi con le rassegne letterarie alla presenza di autori nazionali e locali che si sono confrontati con il pubblico nella meravigliose ville cittadine; con il Cinema all&#8217;aperto e con molteplici spettacoli gratuiti per offrire un&#8217;estate piacevole per tutti.<\/p>\n<p class=\"v1MsoNormal\">\n<p class=\"v1MsoNormal\">Il tutto naturalmente, al netto delle attivit\u00e0 che sono in corso per la gestione dell&#8217;emergenza e delle vaccinazioni. Il polo vaccinale in Via Mazzini \u00e8 divenuto infatti realta&#8217; in brevissimo tempo, grazie all&#8217;instancabile lavoro dei dipendenti comunali e non, con il ruolo indispensabile della protezione civile; cos\u00ec come \u00a0\u00e8 ancora presente all&#8217;interno della casa comunale una task force composta dai medici dell&#8217;UOPC per la gestione dell&#8217;emergenza.<\/p>\n<p class=\"v1MsoNormal\">&#8220;<i>Insomma<\/i>\u00a0&#8211; spiega\u00a0<b>Zinno<\/b>\u00a0&#8211;\u00a0<i>stiamo realizzando, passo passo, nel rispetto dei tempi, il programma elettorale con cui ci siamo presentati ai cittadini.<\/i><\/p>\n<p class=\"v1MsoNormal\"><i>Per tutto questo, per\u00f2 \u00e8 doveroso ringraziare, non solo la maggioranza che instancabilmente tra consiglieri e assessori lavora ogni giorno oer raggiungere gli obiettivi, ma anche i dipendenti comunali che ci consentono di trasformare in azioni concrete gli indirizzi programmatici. Abbiamo ancora molto da fare. Lo faremo con entusiasmo, impegno e ascoltando sempre la nostra comunit\u00e0. Continuiamo a costruire. Insieme.&#8221;<\/i><\/p>\n<p class=\"v1MsoNormal\"><i>\u00a0<\/i><\/p>\n","protected":false},"excerpt":{"rendered":"<p>&nbsp; SAN GIORGIO A CREMANO &#8211; Esattamente un anno fa, oltre il 65 % dei sangiorgesi riconferm\u00f2 Il<\/p>\n","protected":false},"author":2,"featured_media":32501,"comment_status":"closed","ping_status":"closed","sticky":false,"template":"","format":"standard","meta":{"sfsi_plus_gutenberg_text_before_share":"","sfsi_plus_gutenberg_show_text_before_share":"","sfsi_plus_gutenberg_icon_type":"","sfsi_plus_gutenberg_icon_alignemt":"","sfsi_plus_gutenburg_max_per_row":"","footnotes":""},"categories":[37,9],"tags":[],"class_list":["post-32500","post","type-post","status-publish","format-standard","has-post-thumbnail","hentry","category-notizie-locali","category-politica"],"_links":{"self":[{"href":"https:\/\/www.thereportzone.it\/index.php?rest_route=\/wp\/v2\/posts\/32500"}],"collection":[{"href":"https:\/\/www.thereportzone.it\/index.php?rest_route=\/wp\/v2\/posts"}],"about":[{"href":"https:\/\/www.thereportzone.it\/index.php?rest_route=\/wp\/v2\/types\/post"}],"author":[{"embeddable":true,"href":"https:\/\/www.thereportzone.it\/index.php?rest_route=\/wp\/v2\/users\/2"}],"replies":[{"embeddable":true,"href":"https:\/\/www.thereportzone.it\/index.php?rest_route=%2Fwp%2Fv2%2Fcomments&post=32500"}],"version-history":[{"count":0,"href":"https:\/\/www.thereportzone.it\/index.php?rest_route=\/wp\/v2\/posts\/32500\/revisions"}],"wp:featuredmedia":[{"embeddable":true,"href":"https:\/\/www.thereportzone.it\/index.php?rest_route=\/"}],"wp:attachment":[{"href":"https:\/\/www.thereportzone.it\/index.php?rest_route=%2Fwp%2Fv2%2Fmedia&parent=32500"}],"wp:term":[{"taxonomy":"category","embeddable":true,"href":"https:\/\/www.thereportzone.it\/index.php?rest_route=%2Fwp%2Fv2%2Fcategories&post=32500"},{"taxonomy":"post_tag","embeddable":true,"href":"https:\/\/www.thereportzone.it\/index.php?rest_route=%2Fwp%2Fv2%2Ftags&post=32500"}],"curies":[{"name":"wp","href":"https:\/\/api.w.org\/{rel}","templated":true}]}}