{"id":32432,"date":"2021-09-20T20:13:29","date_gmt":"2021-09-20T18:13:29","guid":{"rendered":"https:\/\/www.thereportzone.it\/?p=32432"},"modified":"2021-09-20T20:13:29","modified_gmt":"2021-09-20T18:13:29","slug":"la-vicepresidente-del-senato-taverna-e-il-sen-santillo-alla-reggia-di-carditello","status":"publish","type":"post","link":"https:\/\/www.thereportzone.it\/?p=32432","title":{"rendered":"La vicepresidente del Senato Taverna e il Sen. Santillo alla Reggia di Carditello"},"content":{"rendered":"<p>&nbsp;<br \/>\n&nbsp;<br \/>\n<b>POLITICA<\/b>. Caserta, 20 settembre 2021. La vicepresidente del Senato Paola Taverna, accompagnata dal Senatore Agostino Santillo, ha fatto tappa quest&#8217;oggi in provincia di Caserta per il tour a sostegno dei candidati del Movimento 5 Stelle.<br \/>\nDopo la visita di Piedimonte Matese, dove era presente anche l&#8217;on. Margherita Del Sesto, Taverna e Santillo hanno fatto Tappa a Volla dove ad attenderli c&#8217;era il Senatore Sergio Vaccaro. Nel pomeriggio, invece, la visita al Real Sito di Carditello, alla quale ha partecipato anche l&#8217;on. Giuseppe Buompane.<br \/>\n&#8220;La Reggia di Carditello &#8211; ha spiegato il Senatore Agostino Santillo, vicepresidente del Gruppo M5S al Senato &#8211; rappresenta un monumento straordinario, per anni abbandonato al degrado e all&#8217;incuria, anche per colpa di una politica assente o complice del malaffare.<br \/>\nOggi finalmente questo sito torna a splendere, soprattutto grazie a quanti hanno lottato negli anni affinch\u00e9 fosse sottratto alla criminalit\u00e0 organizzata e recuperato.&#8221; La vicepresidente del Senato Paola Taverna \u00e8 rimasta piacevolmente colpita: &#8220;Questa struttura \u00e8 il simbolo di quanto lo Stato \u00e8 riuscito a fare togliendo dalle mani della criminalit\u00e0 organizzata l&#8217;intero sito&#8221;. Poi un ringraziamento: &#8220;a chi lavora ogni giorno per riportarlo all&#8217;antico splendore&#8221;.<br \/>\n<a href=\"https:\/\/www.thereportzone.it\/politica\/la-vicepresidente-del-senato-taverna-e-il-sen-santillo-alla-reggia-di-carditello\/attachment\/8727037d-21e4-4ca3-83a6-559e887a0c54\/\" rel=\"attachment wp-att-32433\"><img fetchpriority=\"high\" decoding=\"async\" class=\"aligncenter size-full wp-image-32433\" src=\"https:\/\/www.thereportzone.it\/wp-content\/uploads\/2021\/09\/8727037D-21E4-4CA3-83A6-559E887A0C54.jpeg\" alt=\"\" width=\"2048\" height=\"2048\" \/><\/a><\/p>\n","protected":false},"excerpt":{"rendered":"<p>&nbsp; &nbsp; POLITICA. Caserta, 20 settembre 2021. La vicepresidente del Senato Paola Taverna, accompagnata dal Senatore Agostino Santillo,<\/p>\n","protected":false},"author":2,"featured_media":32433,"comment_status":"closed","ping_status":"closed","sticky":false,"template":"","format":"standard","meta":{"sfsi_plus_gutenberg_text_before_share":"","sfsi_plus_gutenberg_show_text_before_share":"","sfsi_plus_gutenberg_icon_type":"","sfsi_plus_gutenberg_icon_alignemt":"","sfsi_plus_gutenburg_max_per_row":"","footnotes":""},"categories":[9],"tags":[],"class_list":["post-32432","post","type-post","status-publish","format-standard","has-post-thumbnail","hentry","category-politica"],"_links":{"self":[{"href":"https:\/\/www.thereportzone.it\/index.php?rest_route=\/wp\/v2\/posts\/32432"}],"collection":[{"href":"https:\/\/www.thereportzone.it\/index.php?rest_route=\/wp\/v2\/posts"}],"about":[{"href":"https:\/\/www.thereportzone.it\/index.php?rest_route=\/wp\/v2\/types\/post"}],"author":[{"embeddable":true,"href":"https:\/\/www.thereportzone.it\/index.php?rest_route=\/wp\/v2\/users\/2"}],"replies":[{"embeddable":true,"href":"https:\/\/www.thereportzone.it\/index.php?rest_route=%2Fwp%2Fv2%2Fcomments&post=32432"}],"version-history":[{"count":0,"href":"https:\/\/www.thereportzone.it\/index.php?rest_route=\/wp\/v2\/posts\/32432\/revisions"}],"wp:featuredmedia":[{"embeddable":true,"href":"https:\/\/www.thereportzone.it\/index.php?rest_route=\/"}],"wp:attachment":[{"href":"https:\/\/www.thereportzone.it\/index.php?rest_route=%2Fwp%2Fv2%2Fmedia&parent=32432"}],"wp:term":[{"taxonomy":"category","embeddable":true,"href":"https:\/\/www.thereportzone.it\/index.php?rest_route=%2Fwp%2Fv2%2Fcategories&post=32432"},{"taxonomy":"post_tag","embeddable":true,"href":"https:\/\/www.thereportzone.it\/index.php?rest_route=%2Fwp%2Fv2%2Ftags&post=32432"}],"curies":[{"name":"wp","href":"https:\/\/api.w.org\/{rel}","templated":true}]}}