{"id":32355,"date":"2021-09-17T11:58:21","date_gmt":"2021-09-17T09:58:21","guid":{"rendered":"https:\/\/www.thereportzone.it\/?p=32355"},"modified":"2021-09-17T11:58:21","modified_gmt":"2021-09-17T09:58:21","slug":"falciano-calcio-il-presidente-di-donato-incontro-con-chicco-evani-formidabile-uomo-di-grande-spessore-ed-umilta","status":"publish","type":"post","link":"https:\/\/www.thereportzone.it\/?p=32355","title":{"rendered":"FALCIANO CALCIO &#8211; Il Presidente Di Donato: &#8220;Incontro con Chicco Evani formidabile. Uomo di grande spessore ed umilt\u00e0&#8221;"},"content":{"rendered":"<p>&nbsp;<br \/>\n&nbsp;<br \/>\n<strong>FALCIANO<\/strong>. Si \u00e8 avuto lo scorso mercoled\u00ec, nella bellissima cornice di Sperlonga, l&#8217;incontro con Chicco Evani, in occasione della presentazione del suo libro &#8220;Non chiamatemi Bubu&#8221;. All&#8217;incontro ha partecipato anche una rappresentanza della societ\u00e0 sportiva Asd Falciano Calcio 2016. Erano presenti, infatti, il Presidente Bonifacio Di Donato, Dario Proietti ed il Mister Ciccio D&#8217;Oriano con la sua compagna.<br \/>\nE&#8217; proprio attraverso la conoscenza e l&#8217;amicizia che lega il Mister D&#8217;Oriano a Chicco Evani, legati storicamente da un percorso bellissimo nelle giovanili dell&#8217;A.C. Milan, che la Asd Falciano Calcio ha potuto comprendere a fondo l&#8217;importanza di confrontarsi con un uomo come Chicco, campione europeo con il passato storico calcistico nel Milan e cresciuto nelle giovanili rossonere. A tal proposito, il Presidente Bonifacio Di Donato ha voluto rendere alcune dichiarazioni alla nostra redazione, per sottolineare l&#8217;importanza dell&#8217;incontro. &#8220;Ringrazio il mister Ciccio D&#8217;Oriano che mercolerd\u00ec a Sperlonga ci ha dato l&#8217;opportunit\u00e0 di conoscere Chicco Evani. Insieme a lui,\u00a0 la compagna e Dario Proietti in rappresentanza di Falciano Calcio eravamo li presenti in questa meravigliosa atmosfera.<br \/>\nE&#8217; proprio tramite il nostro Mister D&#8217;Oriano che stiamo stati chiamati a rappresentare la nostra societ\u00e0, al cospetto di un grande campione. L&#8217;occasione \u00e8 stata la presentazione del suo libro &#8220;<em>Non chiamatemi pi\u00f9 Bubu<\/em>&#8220;. Il lavoro di Chicco \u00e8 una sorta di autobiografia che, per\u00f2, passa attraverso i valori e i sacrifici che bisogna avere se si vuole arrivare ai suoi massimi livelli. Sono estremamente soddisfatto per questo incontro perch\u00e9, oltre ad un grande calciatore che ci ricorda ancora oggi i tempi magnifici del grande Milan di Sacchi, ho visto n lui un grande senso umano e di umilt\u00e0. Ancora oggi, Chicco Evani, oltre ad essere ci\u00f2 che \u00e8 diventato, continua a seguire tantissimi ragazzi delle scuole calcio. Nonostante oggi ricopre il ruolo di secondo allenatore della Nazionale, continua nel tempo libero ad allenare i bambini.<br \/>\nA tal proposito, lui ci ha incoraggiato molto, dando valore e parlandoci dell&#8217;importanza che ricoprono le scuole calcio su tutto il territorio nazionale. Una motivazione in pi\u00f9 anche per trasmettere i giusti valori ai nostri giovani ragazzi dell&#8217;Asd Falciano Calcio 2016. E&#8217; stato un momento particolare in cui abbiamo potuto carpire i segreti utili da trasmettere anche ai nostri bambini della scuola calcio. Nonostante i grandi impegni di Chicco, non si esclude la possibilit\u00e0 di poterlo ricevere qui a Falciano dove magari oltre ad osservare tutti i ragazzi della nostra scuola calcio, potremmo insieme gustare la nostra specialit\u00e0, la mozzarella di bufala&#8221;.<br \/>\n&nbsp;<br \/>\n<a href=\"https:\/\/www.thereportzone.it\/comuni\/falciano\/falciano-calcio-il-presidente-di-donato-incontro-con-chicco-evani-formidabile-uomo-di-grande-spessore-ed-umilta\/attachment\/bonifacio-chicco-due\/\" rel=\"attachment wp-att-32358\"><img fetchpriority=\"high\" decoding=\"async\" class=\"aligncenter size-full wp-image-32358\" src=\"https:\/\/www.thereportzone.it\/wp-content\/uploads\/2021\/09\/bonifacio-chicco-due.jpg\" alt=\"\" width=\"1317\" height=\"641\" \/><\/a><br \/>\n&nbsp;<br \/>\n&nbsp;<\/p>\n","protected":false},"excerpt":{"rendered":"<p>&nbsp; &nbsp; FALCIANO. Si \u00e8 avuto lo scorso mercoled\u00ec, nella bellissima cornice di Sperlonga, l&#8217;incontro con Chicco Evani,<\/p>\n","protected":false},"author":2,"featured_media":32359,"comment_status":"closed","ping_status":"closed","sticky":false,"template":"","format":"standard","meta":{"sfsi_plus_gutenberg_text_before_share":"","sfsi_plus_gutenberg_show_text_before_share":"","sfsi_plus_gutenberg_icon_type":"","sfsi_plus_gutenberg_icon_alignemt":"","sfsi_plus_gutenburg_max_per_row":"","footnotes":""},"categories":[4],"tags":[],"class_list":["post-32355","post","type-post","status-publish","format-standard","has-post-thumbnail","hentry","category-falciano"],"_links":{"self":[{"href":"https:\/\/www.thereportzone.it\/index.php?rest_route=\/wp\/v2\/posts\/32355"}],"collection":[{"href":"https:\/\/www.thereportzone.it\/index.php?rest_route=\/wp\/v2\/posts"}],"about":[{"href":"https:\/\/www.thereportzone.it\/index.php?rest_route=\/wp\/v2\/types\/post"}],"author":[{"embeddable":true,"href":"https:\/\/www.thereportzone.it\/index.php?rest_route=\/wp\/v2\/users\/2"}],"replies":[{"embeddable":true,"href":"https:\/\/www.thereportzone.it\/index.php?rest_route=%2Fwp%2Fv2%2Fcomments&post=32355"}],"version-history":[{"count":0,"href":"https:\/\/www.thereportzone.it\/index.php?rest_route=\/wp\/v2\/posts\/32355\/revisions"}],"wp:featuredmedia":[{"embeddable":true,"href":"https:\/\/www.thereportzone.it\/index.php?rest_route=\/"}],"wp:attachment":[{"href":"https:\/\/www.thereportzone.it\/index.php?rest_route=%2Fwp%2Fv2%2Fmedia&parent=32355"}],"wp:term":[{"taxonomy":"category","embeddable":true,"href":"https:\/\/www.thereportzone.it\/index.php?rest_route=%2Fwp%2Fv2%2Fcategories&post=32355"},{"taxonomy":"post_tag","embeddable":true,"href":"https:\/\/www.thereportzone.it\/index.php?rest_route=%2Fwp%2Fv2%2Ftags&post=32355"}],"curies":[{"name":"wp","href":"https:\/\/api.w.org\/{rel}","templated":true}]}}