{"id":32351,"date":"2021-09-16T18:56:42","date_gmt":"2021-09-16T16:56:42","guid":{"rendered":"https:\/\/www.thereportzone.it\/?p=32351"},"modified":"2021-09-16T18:56:42","modified_gmt":"2021-09-16T16:56:42","slug":"maxi-incendio-area-asi-carinaro-santillo-cittadini-sono-stanchi","status":"publish","type":"post","link":"https:\/\/www.thereportzone.it\/?p=32351","title":{"rendered":"Maxi incendio area Asi Carinaro, Santillo: &#8220;Cittadini sono stanchi&#8221;"},"content":{"rendered":"<p><b>POLITICA<\/b>. Caserta, 16 settembre 2021. &#8220;Seguo con grande attenzione gli sviluppi del grosso incendio che si \u00e8 sviluppato nell&#8217;area Asi di Carinaro, all&#8217;interno di una fabbrica che, stando alle prime informazioni, produce ricambi per auto e utilizza materiale plastico.<br \/>\nL&#8217;auspicio \u00e8 che le forze dell&#8217;ordine facciano luce, al pi\u00f9 presto, sulla natura dell&#8217;evento. \u00c8 per\u00f2 doveroso ricordare che i cittadini sono stanchi di questa serie infinita di roghi, pi\u00f9 o meno importanti a livello di dimensioni, che ledono da anni la salute degli abitanti della provincia di Caserta.<br \/>\nMi spiace molto che in un periodo di forte attivismo elettorale, i programmi della maggior parte dei partiti politici siano del tutto privi di un concreto interasse verso la tutela ambientale. Noi del Movimento 5 Stelle siamo stanchi del disinteresse totale di molti attori locali che da anni si voltano dall&#8217;altra parte.&#8221; Agostino Santillo, vicepresidente del gruppo M5S al Senato<\/p>\n","protected":false},"excerpt":{"rendered":"<p>POLITICA. Caserta, 16 settembre 2021. &#8220;Seguo con grande attenzione gli sviluppi del grosso incendio che si \u00e8 sviluppato<\/p>\n","protected":false},"author":2,"featured_media":32352,"comment_status":"closed","ping_status":"closed","sticky":false,"template":"","format":"standard","meta":{"sfsi_plus_gutenberg_text_before_share":"","sfsi_plus_gutenberg_show_text_before_share":"","sfsi_plus_gutenberg_icon_type":"","sfsi_plus_gutenberg_icon_alignemt":"","sfsi_plus_gutenburg_max_per_row":"","footnotes":""},"categories":[8,9],"tags":[],"class_list":["post-32351","post","type-post","status-publish","format-standard","has-post-thumbnail","hentry","category-cronaca","category-politica"],"_links":{"self":[{"href":"https:\/\/www.thereportzone.it\/index.php?rest_route=\/wp\/v2\/posts\/32351"}],"collection":[{"href":"https:\/\/www.thereportzone.it\/index.php?rest_route=\/wp\/v2\/posts"}],"about":[{"href":"https:\/\/www.thereportzone.it\/index.php?rest_route=\/wp\/v2\/types\/post"}],"author":[{"embeddable":true,"href":"https:\/\/www.thereportzone.it\/index.php?rest_route=\/wp\/v2\/users\/2"}],"replies":[{"embeddable":true,"href":"https:\/\/www.thereportzone.it\/index.php?rest_route=%2Fwp%2Fv2%2Fcomments&post=32351"}],"version-history":[{"count":0,"href":"https:\/\/www.thereportzone.it\/index.php?rest_route=\/wp\/v2\/posts\/32351\/revisions"}],"wp:featuredmedia":[{"embeddable":true,"href":"https:\/\/www.thereportzone.it\/index.php?rest_route=\/"}],"wp:attachment":[{"href":"https:\/\/www.thereportzone.it\/index.php?rest_route=%2Fwp%2Fv2%2Fmedia&parent=32351"}],"wp:term":[{"taxonomy":"category","embeddable":true,"href":"https:\/\/www.thereportzone.it\/index.php?rest_route=%2Fwp%2Fv2%2Fcategories&post=32351"},{"taxonomy":"post_tag","embeddable":true,"href":"https:\/\/www.thereportzone.it\/index.php?rest_route=%2Fwp%2Fv2%2Ftags&post=32351"}],"curies":[{"name":"wp","href":"https:\/\/api.w.org\/{rel}","templated":true}]}}