{"id":32341,"date":"2021-09-16T15:27:00","date_gmt":"2021-09-16T13:27:00","guid":{"rendered":"https:\/\/www.thereportzone.it\/?p=32341"},"modified":"2021-09-16T15:27:00","modified_gmt":"2021-09-16T13:27:00","slug":"carinola-al-voto-rino-di-cresce-marketing-territoriale-la-programmazione-e-tutto-ecco-come-agire","status":"publish","type":"post","link":"https:\/\/www.thereportzone.it\/?p=32341","title":{"rendered":"CARINOLA AL VOTO &#8211; Rino Di Cresce: &#8220;Marketing territoriale, la programmazione \u00e8 tutto. Ecco come agire&#8221;"},"content":{"rendered":"<p>&nbsp;<br \/>\n<strong>CARINOLA<\/strong>. &#8220;Marketing territoriale, cosa aspettiamo? \u201cLa programmazione \u00e8 tutto\u201d, esordisce cos\u00ec RINO DI CRESCE candidato nella Lista CARINOLA FUTURA. &#8220;Si inizi seriamente a parlare di marketing territoriale, ma non come una semplice attivit\u00e0 di natura promozionale bens\u00ec come una serie di piani strategici definiti e programmati a monte e non possiamo essere limitati al nostro paese, ma dobbiamo creare un itinerario unico con altri comuni limitrofi, un percorso turistico che riguardi i territori dell\u2019agro Falerno, dell\u2019Agro Caleno, fino al Litorale Mondragonese per ottenere maggior risonanza e possibilit\u00e0 di sviluppo.<br \/>\nLa linea ricorrente \u00e8 quella di aggregarsi per avere pi\u00f9 probabilit\u00e0 di accedere ai finanziamenti dell\u2019Unione Europea, partecipando ai bandi tramite persone qualificate che siano in grado di presentare correttamente i progetti, per non rischiare di perdere i fondi destinati ai Comuni italiani, come purtroppo spesso \u00e8 capitato da venti anni a questa parte.<br \/>\nTra qualche giorno presenter\u00f2 delle diapositive su quelle che sono le mie idee relative al Piano di Marketing territoriale che dovr\u00e0 rappresentare una sorta di volano, riutilizzando ci\u00f2 che oggi sembra essere preda dell\u2019 incuria e dell\u2019 abbandono&#8221;.<\/p>\n","protected":false},"excerpt":{"rendered":"<p>&nbsp; CARINOLA. &#8220;Marketing territoriale, cosa aspettiamo? \u201cLa programmazione \u00e8 tutto\u201d, esordisce cos\u00ec RINO DI CRESCE candidato nella Lista<\/p>\n","protected":false},"author":2,"featured_media":32345,"comment_status":"closed","ping_status":"closed","sticky":false,"template":"","format":"standard","meta":{"sfsi_plus_gutenberg_text_before_share":"","sfsi_plus_gutenberg_show_text_before_share":"","sfsi_plus_gutenberg_icon_type":"","sfsi_plus_gutenberg_icon_alignemt":"","sfsi_plus_gutenburg_max_per_row":"","footnotes":""},"categories":[2973,9],"tags":[],"class_list":["post-32341","post","type-post","status-publish","format-standard","has-post-thumbnail","hentry","category-carinola","category-politica"],"_links":{"self":[{"href":"https:\/\/www.thereportzone.it\/index.php?rest_route=\/wp\/v2\/posts\/32341"}],"collection":[{"href":"https:\/\/www.thereportzone.it\/index.php?rest_route=\/wp\/v2\/posts"}],"about":[{"href":"https:\/\/www.thereportzone.it\/index.php?rest_route=\/wp\/v2\/types\/post"}],"author":[{"embeddable":true,"href":"https:\/\/www.thereportzone.it\/index.php?rest_route=\/wp\/v2\/users\/2"}],"replies":[{"embeddable":true,"href":"https:\/\/www.thereportzone.it\/index.php?rest_route=%2Fwp%2Fv2%2Fcomments&post=32341"}],"version-history":[{"count":0,"href":"https:\/\/www.thereportzone.it\/index.php?rest_route=\/wp\/v2\/posts\/32341\/revisions"}],"wp:featuredmedia":[{"embeddable":true,"href":"https:\/\/www.thereportzone.it\/index.php?rest_route=\/"}],"wp:attachment":[{"href":"https:\/\/www.thereportzone.it\/index.php?rest_route=%2Fwp%2Fv2%2Fmedia&parent=32341"}],"wp:term":[{"taxonomy":"category","embeddable":true,"href":"https:\/\/www.thereportzone.it\/index.php?rest_route=%2Fwp%2Fv2%2Fcategories&post=32341"},{"taxonomy":"post_tag","embeddable":true,"href":"https:\/\/www.thereportzone.it\/index.php?rest_route=%2Fwp%2Fv2%2Ftags&post=32341"}],"curies":[{"name":"wp","href":"https:\/\/api.w.org\/{rel}","templated":true}]}}