{"id":32306,"date":"2021-09-15T14:20:37","date_gmt":"2021-09-15T12:20:37","guid":{"rendered":"https:\/\/www.thereportzone.it\/?p=32306"},"modified":"2021-09-15T14:20:37","modified_gmt":"2021-09-15T12:20:37","slug":"mondragone-open-day-vaccini-anti-covid-3-date-importanti-in-citta-lappello-della-protezione-civile","status":"publish","type":"post","link":"https:\/\/www.thereportzone.it\/?p=32306","title":{"rendered":"MONDRAGONE &#8211; Open Day Vaccini Anti-Covid, 3 date importanti in citt\u00e0: l&#8217;appello della Protezione Civile"},"content":{"rendered":"<p>&nbsp;<br \/>\n<strong>MONDRAGONE<\/strong>. Tre date importantissime per la comunit\u00e0 di Mondragone. Arriva l&#8217;Open Day per i vaccini Anti-Covid. L&#8217;appuntamento \u00e8 fissato per gioved\u00ec 16, Venerd\u00ec 17 e sabato 18 settembre in tre diverse localit\u00e0 della citt\u00e0. Un momento importante per portare avanti l&#8217;obiettivo di libert\u00e0 e per dare un ulteriore colpo al terribile virus.<br \/>\nSi partir\u00e0 da Piazzale Falcone, procedendo per Localit\u00e0 Crocelle in Via Stazione fino a Via Rocca dei Dragoni, Istituto Stefanelli.<br \/>\nIn prima linea la Protezione Civile che, per l&#8217;occasione, ha rivolto un appello a tutti i cittadini: &#8220;E&#8217; di fondamentale importanza partecipare a tali eventi. Soltanto con i vaccini possiamo ritenerci realmente liberi dal virus e da tutte le restrizioni che per sua causa ne scaturiscono. Un gesto di responsabilit\u00e0 e di amore verso noi stessi e verso il prossimo&#8221;. Queste le dichiarazioni di Aldo Santamaria a nome di tutto il gruppo. Di seguito la locandina ufficiale dell&#8217;evento.<br \/>\n<a href=\"https:\/\/www.thereportzone.it\/comuni\/mondragone\/mondragone-open-day-vaccini-anti-covid-3-date-importanti-in-citta-lappello-della-protezione-civile\/attachment\/open-day-vaccini\/\" rel=\"attachment wp-att-32307\"><img fetchpriority=\"high\" decoding=\"async\" class=\"aligncenter size-full wp-image-32307\" src=\"https:\/\/www.thereportzone.it\/wp-content\/uploads\/2021\/09\/open-day-vaccini.jpg\" alt=\"\" width=\"1080\" height=\"1506\" \/><\/a><\/p>\n","protected":false},"excerpt":{"rendered":"<p>&nbsp; MONDRAGONE. Tre date importantissime per la comunit\u00e0 di Mondragone. Arriva l&#8217;Open Day per i vaccini Anti-Covid. L&#8217;appuntamento<\/p>\n","protected":false},"author":2,"featured_media":32308,"comment_status":"closed","ping_status":"closed","sticky":false,"template":"","format":"standard","meta":{"sfsi_plus_gutenberg_text_before_share":"","sfsi_plus_gutenberg_show_text_before_share":"","sfsi_plus_gutenberg_icon_type":"","sfsi_plus_gutenberg_icon_alignemt":"","sfsi_plus_gutenburg_max_per_row":"","footnotes":""},"categories":[5],"tags":[],"class_list":["post-32306","post","type-post","status-publish","format-standard","has-post-thumbnail","hentry","category-mondragone"],"_links":{"self":[{"href":"https:\/\/www.thereportzone.it\/index.php?rest_route=\/wp\/v2\/posts\/32306"}],"collection":[{"href":"https:\/\/www.thereportzone.it\/index.php?rest_route=\/wp\/v2\/posts"}],"about":[{"href":"https:\/\/www.thereportzone.it\/index.php?rest_route=\/wp\/v2\/types\/post"}],"author":[{"embeddable":true,"href":"https:\/\/www.thereportzone.it\/index.php?rest_route=\/wp\/v2\/users\/2"}],"replies":[{"embeddable":true,"href":"https:\/\/www.thereportzone.it\/index.php?rest_route=%2Fwp%2Fv2%2Fcomments&post=32306"}],"version-history":[{"count":0,"href":"https:\/\/www.thereportzone.it\/index.php?rest_route=\/wp\/v2\/posts\/32306\/revisions"}],"wp:featuredmedia":[{"embeddable":true,"href":"https:\/\/www.thereportzone.it\/index.php?rest_route=\/"}],"wp:attachment":[{"href":"https:\/\/www.thereportzone.it\/index.php?rest_route=%2Fwp%2Fv2%2Fmedia&parent=32306"}],"wp:term":[{"taxonomy":"category","embeddable":true,"href":"https:\/\/www.thereportzone.it\/index.php?rest_route=%2Fwp%2Fv2%2Fcategories&post=32306"},{"taxonomy":"post_tag","embeddable":true,"href":"https:\/\/www.thereportzone.it\/index.php?rest_route=%2Fwp%2Fv2%2Ftags&post=32306"}],"curies":[{"name":"wp","href":"https:\/\/api.w.org\/{rel}","templated":true}]}}