{"id":32192,"date":"2021-09-10T14:47:37","date_gmt":"2021-09-10T12:47:37","guid":{"rendered":"https:\/\/www.thereportzone.it\/?p=32192"},"modified":"2021-09-10T14:47:37","modified_gmt":"2021-09-10T12:47:37","slug":"carinola-venezia-angelo-nardelli-al-festival-del-cinema-di-venezia-e-stato-tutto-magnifico","status":"publish","type":"post","link":"https:\/\/www.thereportzone.it\/?p=32192","title":{"rendered":"CARINOLA \/ VENEZIA &#8211; Angelo Nardelli: &#8220;Al Festival del Cinema di Venezia \u00e8 stato tutto magnifico&#8221;"},"content":{"rendered":"<p>&nbsp;<br \/>\n<strong>CARINOLA\/VENEZIA<\/strong>. <em><strong>Angelo Nardelli<\/strong><\/em> Barber delle celebrit\u00e0 al Festival del Cinema di Venezia. Avevamo gi\u00e0 parlato della meravigliosa esperienza del giovane originario di Carinola e divenuto gi\u00e0 una star nel mondo dello styling. Ne avevamo parlato in un precedente articolo (<a href=\"https:\/\/www.thereportzone.it\/cultura\/carinola-venezia-angelo-nardelli-barber-delle-celebrita-al-festival-del-cinema\/\"><strong><span style=\"color: #ff0000;\">LEGGI QUI<\/span><\/strong><\/a>) e speravamo di poter tornare sulla notizia.<br \/>\nEd eccoci qui. Angelo Nardelli ci ha raccontato la sua magnifica esperienza, adesso volta al termine (in questi minuti \u00e8 in viaggio di ritorno ndr). &#8220;<em>Sono estremamente soddisfatto per aver avuto l&#8217;occasione di partecipare come Barber Stylist per le celebrit\u00e0 del Red Carpet al Festival del Cinema di Venezia<\/em> -ci spiega Angelo- <em>credo si tratti di momenti che resteranno impressi a lungo nella mia mente. I miei interventi per le celebrit\u00e0 mi hanno insegnato molto. Del resto, l&#8217;obiettivo \u00e8 quello di crescere sempre pi\u00f9 nell&#8217;ambito del mia professione e in tal senso l&#8217;esperienza di Venezia \u00e8 stata sicuramente importante e fondamentale per il mio futuro professionale<\/em>&#8220;.<br \/>\nParole importanti, che rendono ancor pi\u00f9 l&#8217;idea se accompagnate dal materiale fotografico inviato da Angelo, in esclusiva, alla nostra redazione e che vi proponiamo qui di seguito. Auguriamo ad Angelo Nardelli risvolti professionali di importanza internazionale, cosa che merita assolutamente. Congratulazioni.<br \/>\n<a href=\"https:\/\/www.thereportzone.it\/cultura\/carinola-venezia-angelo-nardelli-al-festival-del-cinema-di-venezia-e-stato-tutto-magnifico\/attachment\/angelo-cinque\/\" rel=\"attachment wp-att-32193\"><img fetchpriority=\"high\" decoding=\"async\" class=\"aligncenter size-full wp-image-32193\" src=\"https:\/\/www.thereportzone.it\/wp-content\/uploads\/2021\/09\/ANGELO-CINQUE.jpg\" alt=\"\" width=\"500\" height=\"389\" \/><\/a><br \/>\n<a href=\"https:\/\/www.thereportzone.it\/cultura\/carinola-venezia-angelo-nardelli-al-festival-del-cinema-di-venezia-e-stato-tutto-magnifico\/attachment\/angelo-quattro\/\" rel=\"attachment wp-att-32194\"><img decoding=\"async\" class=\"aligncenter size-full wp-image-32194\" src=\"https:\/\/www.thereportzone.it\/wp-content\/uploads\/2021\/09\/ANGELO-QUATTRO.jpg\" alt=\"\" width=\"1564\" height=\"1564\" \/><\/a><\/p>\n","protected":false},"excerpt":{"rendered":"<p>&nbsp; CARINOLA\/VENEZIA. Angelo Nardelli Barber delle celebrit\u00e0 al Festival del Cinema di Venezia. Avevamo gi\u00e0 parlato della meravigliosa<\/p>\n","protected":false},"author":2,"featured_media":32193,"comment_status":"closed","ping_status":"closed","sticky":false,"template":"","format":"standard","meta":{"sfsi_plus_gutenberg_text_before_share":"","sfsi_plus_gutenberg_show_text_before_share":"","sfsi_plus_gutenberg_icon_type":"","sfsi_plus_gutenberg_icon_alignemt":"","sfsi_plus_gutenburg_max_per_row":"","footnotes":""},"categories":[2973,10],"tags":[],"class_list":["post-32192","post","type-post","status-publish","format-standard","has-post-thumbnail","hentry","category-carinola","category-cultura"],"_links":{"self":[{"href":"https:\/\/www.thereportzone.it\/index.php?rest_route=\/wp\/v2\/posts\/32192"}],"collection":[{"href":"https:\/\/www.thereportzone.it\/index.php?rest_route=\/wp\/v2\/posts"}],"about":[{"href":"https:\/\/www.thereportzone.it\/index.php?rest_route=\/wp\/v2\/types\/post"}],"author":[{"embeddable":true,"href":"https:\/\/www.thereportzone.it\/index.php?rest_route=\/wp\/v2\/users\/2"}],"replies":[{"embeddable":true,"href":"https:\/\/www.thereportzone.it\/index.php?rest_route=%2Fwp%2Fv2%2Fcomments&post=32192"}],"version-history":[{"count":0,"href":"https:\/\/www.thereportzone.it\/index.php?rest_route=\/wp\/v2\/posts\/32192\/revisions"}],"wp:featuredmedia":[{"embeddable":true,"href":"https:\/\/www.thereportzone.it\/index.php?rest_route=\/"}],"wp:attachment":[{"href":"https:\/\/www.thereportzone.it\/index.php?rest_route=%2Fwp%2Fv2%2Fmedia&parent=32192"}],"wp:term":[{"taxonomy":"category","embeddable":true,"href":"https:\/\/www.thereportzone.it\/index.php?rest_route=%2Fwp%2Fv2%2Fcategories&post=32192"},{"taxonomy":"post_tag","embeddable":true,"href":"https:\/\/www.thereportzone.it\/index.php?rest_route=%2Fwp%2Fv2%2Ftags&post=32192"}],"curies":[{"name":"wp","href":"https:\/\/api.w.org\/{rel}","templated":true}]}}