{"id":31858,"date":"2021-08-24T14:31:01","date_gmt":"2021-08-24T12:31:01","guid":{"rendered":"https:\/\/www.thereportzone.it\/?p=31858"},"modified":"2021-08-24T14:31:01","modified_gmt":"2021-08-24T12:31:01","slug":"santa-maria-a-vico-cordoglio-del-senatore-agostino-santillo-per-la-morte-di-un-giovane-in-una-fabbrica-di-imballaggi","status":"publish","type":"post","link":"https:\/\/www.thereportzone.it\/?p=31858","title":{"rendered":"SANTA MARIA A VICO &#8211; Cordoglio del Senatore Agostino Santillo per la morte di un giovane in una fabbrica di imballaggi"},"content":{"rendered":"<p>&nbsp;<br \/>\nSANTA MARIA A VICO &#8211; Sono vicino ai familiari, agli amici e all&#8217;intera comunit\u00e0 di Santa Maria a Vico, dove \u00e8 stato proclamato il lutto cittadino, per il gravissimo lutto dovuto alla scomparsa del giovane Ivan Salvatore, mentre era al lavoro in una fabbrica di imballaggi di Marcianise. Secondo gli ultimi dati Inail, il bilancio degli incidenti sul luogo di lavoro \u00e8 particolarmente critico nella prima parte del 2021, con un incremento del 5,2%. Sono dati molto preoccupanti.<br \/>\nRiguardo le eventuali responsabilit\u00e0 dell&#8217;incidente del giovane di Santa Maria a Vico, \u00e8 giusto rispettare l&#8217;azione di accertamento della magistratura. \u00c8 per\u00f2 chiaro che il livello di attenzione sulle morti sul lavoro deve necessariamente alzarsi perch\u00e9 non \u00e8 accettabile uscire di casa e non fare pi\u00f9 ritorno soltanto perch\u00e9 si va a svolgere il proprio dovere.&#8221;<br \/>\nAgostino Santillo, vicepresidente del gruppo M5S al Senato della Repubblica.<\/p>\n","protected":false},"excerpt":{"rendered":"<p>&nbsp; SANTA MARIA A VICO &#8211; Sono vicino ai familiari, agli amici e all&#8217;intera comunit\u00e0 di Santa Maria<\/p>\n","protected":false},"author":2,"featured_media":30490,"comment_status":"closed","ping_status":"closed","sticky":false,"template":"","format":"standard","meta":{"sfsi_plus_gutenberg_text_before_share":"","sfsi_plus_gutenberg_show_text_before_share":"","sfsi_plus_gutenberg_icon_type":"","sfsi_plus_gutenberg_icon_alignemt":"","sfsi_plus_gutenburg_max_per_row":"","footnotes":""},"categories":[6,8],"tags":[],"class_list":["post-31858","post","type-post","status-publish","format-standard","has-post-thumbnail","hentry","category-caserta","category-cronaca"],"_links":{"self":[{"href":"https:\/\/www.thereportzone.it\/index.php?rest_route=\/wp\/v2\/posts\/31858"}],"collection":[{"href":"https:\/\/www.thereportzone.it\/index.php?rest_route=\/wp\/v2\/posts"}],"about":[{"href":"https:\/\/www.thereportzone.it\/index.php?rest_route=\/wp\/v2\/types\/post"}],"author":[{"embeddable":true,"href":"https:\/\/www.thereportzone.it\/index.php?rest_route=\/wp\/v2\/users\/2"}],"replies":[{"embeddable":true,"href":"https:\/\/www.thereportzone.it\/index.php?rest_route=%2Fwp%2Fv2%2Fcomments&post=31858"}],"version-history":[{"count":0,"href":"https:\/\/www.thereportzone.it\/index.php?rest_route=\/wp\/v2\/posts\/31858\/revisions"}],"wp:featuredmedia":[{"embeddable":true,"href":"https:\/\/www.thereportzone.it\/index.php?rest_route=\/"}],"wp:attachment":[{"href":"https:\/\/www.thereportzone.it\/index.php?rest_route=%2Fwp%2Fv2%2Fmedia&parent=31858"}],"wp:term":[{"taxonomy":"category","embeddable":true,"href":"https:\/\/www.thereportzone.it\/index.php?rest_route=%2Fwp%2Fv2%2Fcategories&post=31858"},{"taxonomy":"post_tag","embeddable":true,"href":"https:\/\/www.thereportzone.it\/index.php?rest_route=%2Fwp%2Fv2%2Ftags&post=31858"}],"curies":[{"name":"wp","href":"https:\/\/api.w.org\/{rel}","templated":true}]}}