{"id":31834,"date":"2021-08-22T08:51:41","date_gmt":"2021-08-22T06:51:41","guid":{"rendered":"https:\/\/www.thereportzone.it\/?p=31834"},"modified":"2021-08-22T08:51:41","modified_gmt":"2021-08-22T06:51:41","slug":"marcianise-il-consigliere-comunale-giuseppe-golino-si-dichiara-indipendente-dal-gruppo-marcianise-per-velardi","status":"publish","type":"post","link":"https:\/\/www.thereportzone.it\/?p=31834","title":{"rendered":"MARCIANISE &#8211; Il consigliere comunale Giuseppe Golino si dichiara indipendente dal gruppo &#8216;Marcianise per Velardi&#8217;"},"content":{"rendered":"<p>&nbsp;<br \/>\nMARCIANISE &#8211; <b><span lang=\"EN-US\">Giuseppe Golino<\/span><\/b><span lang=\"EN-US\">\u00a0dice addio al gruppo consiliare di &#8216;Marcianise per Velardi&#8217; e si dichiara indipendente. Con una missiva, gi\u00e0 protocollata, il consigliere comunale e coordinatore del circolo &#8216;Avanti Marcianise&#8217; ha comunicato al presidente del Consiglio\u00a0<b>Angela Letizia<\/b>\u00a0e al segretario generale del Comune\u00a0<b>Maria Antonietta Iacobellis<\/b>\u00a0di aver preso ufficialmente le distanze dal gruppo consiliare al quale \u00e8 appartenuto fino ad oggi e per il quale si \u00e8 impegnato con onest\u00e0 e amore nell&#8217;attivit\u00e0 amministrativa, mai rinnegando gli impegni assunti nell&#8217;ultima campagna elettorale che lo ha visto eletto nella lista &#8216;Marcianise Solidale&#8217; e sempre favorendo in prima istanza gli interessi della citt\u00e0. La dichiarazione di indipendenza del consigliere Golino \u00e8 maturata lentamente ma in maniera ineluttabile. Si tratta di una decisione esternata gi\u00e0 in qualche pubblica manifestazione e dovuta, principalmente, alle posizioni e ai percorsi assunti dal gruppo &#8216;Marcianise per Velardi&#8217; che vedono &#8220;mortificare la mia storia, il mio impegno pubblico, la mia persona&#8221;, sottolinea Golino nella missiva.<\/span><\/p>\n<p class=\"v1MsoNormal\">Chiare sono le motivazioni che hanno spinto il consigliere comunale a dichiararsi indipendente. Innanzitutto la pessima gestione attuata dal capogruppo consiliare\u00a0<b>Giovanni Valentino<\/b>. &#8220;Il gruppo &#8216;Marcianise per Velardi&#8217; nasce dall&#8217;unione degli eletti nelle liste &#8216;Marcianise Solidale&#8217; e &#8216;Marcianise Attiva&#8217; &#8211; ricorda Giuseppe Golino &#8211; Fin dall&#8217;inizio della consiliatura ho mostrato perplessit\u00e0 in merito all&#8217;unione delle due liste sotto il nome di un unico gruppo e sull&#8217;efficienza ed efficacia nella gestione di un gruppo composto da ben dodici consiglieri. Perplessit\u00e0 che poi si sono dimostrate concrete nel momento in cui si \u00e8 deciso di eleggere quale capogruppo Giovanni Valentino, le cui capacit\u00e0 di gestione erano sconosciute dalla maggior parte di noi. Era stato scelto lui perch\u00e9 era stato gi\u00e0 capogruppo nella precedente amministrazione Velardi e quindi chi meglio di lui avrebbe potuto\u00a0rappresentarci\u00a0alle varie conferenze dei capigruppo? Tuttavia cos\u00ec non \u00e8 stato: \u00e8 mancata la comunicazione, un metodo nella gestione e pianificazione delle azioni amministrative da adottare, nonch\u00e9 una programmazione a lungo termine&#8221;.<\/p>\n<p class=\"v1MsoNormal\">Ma non \u00e8 tutto. A &#8216;minare&#8217; il percorso di Golino con il gruppo &#8216;Marcianise per Velardi&#8217; sono stati anche una serie di disappunti manifestati dai suoi colleghi. &#8220;Il mio atteggiamento di autocritica nei confronti di alcune rassegne che sono state fatte in citt\u00e0 \u00e8 stato letto male dai miei colleghi &#8211; spiega Giuseppe Golino &#8211; Le mie dichiarazioni sono state spesso interpretate come critiche ad personam. Tuttavia ritengo che l&#8217;autocritica sia un metodo infallibile di miglioramento. Diversi sono gli episodi che testimoniano una lettura sbagliata delle mie riflessioni &#8211; continua il consigliere comunale &#8211; Ad esempio la rassegna &#8216;Ecoday&#8217; non ha sortito l&#8217;effetto desiderato, non ha centrato l&#8217;obiettivo e di questo ne abbiamo piena consapevolezza, perch\u00e9 oggi i problemi ambientali sono sempre gli stessi. E poi ancora la questione relativa al laghetto nel Ring Verde attanagliato da una condizione di profondo degrado, in merito alla quale, dopo l&#8217;intervento di riempimento eseguito il 7 giugno 2021, sostenni che si trattasse di un disastro che si sarebbe potuto evitare con un&#8217;azione programmatica da attuare. A quella mia critica costruttiva, fatta anche per il tramite dei miei canali social, mi fu risposto dal sindaco: &#8216;Cancella il post su Facebook o ti tolgo la delega alla Protezione civile&#8217;. Un ricatto insopportabile e soprattutto ingiustificabile al quale ovviamente non mi sono piegato&#8221;.<\/p>\n<p class=\"v1MsoNormal\">A tutto questo si aggiungono una serie di contraddizioni a cui il consigliere Golino non si \u00e8 mai sottratto di evidenziare. &#8220;Nella nostra maggioranza abbiamo un delegato alla Sanit\u00e0, il consigliere\u00a0<b>Francesco Lampitelli<\/b>, che si \u00e8 sempre proclamato no\u00a0vax\u00a0&#8211; dichiara Giuseppe Golino &#8211; Ognuno \u00e8 libero di esprimere la propria opinione e fare ci\u00f2 che vuole di s\u00e9 stesso, ma quando si ricoprono cariche pubbliche bisogna stare sempre attenti a ci\u00f2 che si dichiara. Oggi pi\u00f9 che mai il tema dei vaccini \u00e8 molto caldo; oltretutto stiamo osservando un incremento dei contagi nel nostro comune con i positivi attuali che sono tornati sopra quota 50. Dunque quello del consigliere Lampitelli \u00e8 un atteggiamento che va in contrapposizione netta con la linea tracciata dall&#8217;autorit\u00e0 sanitaria nazionale. Un&#8217;altra contraddizione, poi, riguarda il fatto che il delegato al Consorzio Idrico Terra di Lavoro (il capogruppo Giovanni Valentino) abbia votato favorevolmente al bilancio dopo che in consiglio comunale si era deliberato il contrario. Ora capisco che ci sono state delle motivazioni valide per far s\u00ec che Valentino votasse contrariamente a quanto deciso, ma ad oggi queste motivazioni sono a noi sconosciute&#8221;.<\/p>\n<p class=\"v1MsoNormal\">&#8220;Resto in maggioranza impegnandomi nell&#8217;azione governativa di questa citt\u00e0, ma facendolo in maniera autonoma e solo con il mandato dei cittadini di Marcianise &#8211; chiosa il consigliere comunale Giuseppe Golino &#8211; Sar\u00f2, come ebbi a dire in occasione del Consiglio dello scorso 30 giugno, la sentinella della legalit\u00e0&#8221;.<\/p>\n","protected":false},"excerpt":{"rendered":"<p>&nbsp; MARCIANISE &#8211; Giuseppe Golino\u00a0dice addio al gruppo consiliare di &#8216;Marcianise per Velardi&#8217; e si dichiara indipendente. Con<\/p>\n","protected":false},"author":2,"featured_media":31836,"comment_status":"closed","ping_status":"closed","sticky":false,"template":"","format":"standard","meta":{"sfsi_plus_gutenberg_text_before_share":"","sfsi_plus_gutenberg_show_text_before_share":"","sfsi_plus_gutenberg_icon_type":"","sfsi_plus_gutenberg_icon_alignemt":"","sfsi_plus_gutenburg_max_per_row":"","footnotes":""},"categories":[37,9],"tags":[],"class_list":["post-31834","post","type-post","status-publish","format-standard","has-post-thumbnail","hentry","category-notizie-locali","category-politica"],"_links":{"self":[{"href":"https:\/\/www.thereportzone.it\/index.php?rest_route=\/wp\/v2\/posts\/31834"}],"collection":[{"href":"https:\/\/www.thereportzone.it\/index.php?rest_route=\/wp\/v2\/posts"}],"about":[{"href":"https:\/\/www.thereportzone.it\/index.php?rest_route=\/wp\/v2\/types\/post"}],"author":[{"embeddable":true,"href":"https:\/\/www.thereportzone.it\/index.php?rest_route=\/wp\/v2\/users\/2"}],"replies":[{"embeddable":true,"href":"https:\/\/www.thereportzone.it\/index.php?rest_route=%2Fwp%2Fv2%2Fcomments&post=31834"}],"version-history":[{"count":0,"href":"https:\/\/www.thereportzone.it\/index.php?rest_route=\/wp\/v2\/posts\/31834\/revisions"}],"wp:featuredmedia":[{"embeddable":true,"href":"https:\/\/www.thereportzone.it\/index.php?rest_route=\/"}],"wp:attachment":[{"href":"https:\/\/www.thereportzone.it\/index.php?rest_route=%2Fwp%2Fv2%2Fmedia&parent=31834"}],"wp:term":[{"taxonomy":"category","embeddable":true,"href":"https:\/\/www.thereportzone.it\/index.php?rest_route=%2Fwp%2Fv2%2Fcategories&post=31834"},{"taxonomy":"post_tag","embeddable":true,"href":"https:\/\/www.thereportzone.it\/index.php?rest_route=%2Fwp%2Fv2%2Ftags&post=31834"}],"curies":[{"name":"wp","href":"https:\/\/api.w.org\/{rel}","templated":true}]}}