{"id":31792,"date":"2021-08-20T09:35:22","date_gmt":"2021-08-20T07:35:22","guid":{"rendered":"https:\/\/www.thereportzone.it\/?p=31792"},"modified":"2021-08-20T09:35:22","modified_gmt":"2021-08-20T07:35:22","slug":"carinola-verso-le-elezioni-comunali-definiti-i-componenti-dellufficio-elettorale","status":"publish","type":"post","link":"https:\/\/www.thereportzone.it\/?p=31792","title":{"rendered":"CARINOLA &#8211; Verso le elezioni comunali: definiti i componenti dell&#8217;ufficio elettorale"},"content":{"rendered":"<p>&nbsp;<br \/>\nCARINOLA &#8211; Conto alla rovescia iniziato per la presentazione delle liste in vista delle elezioni comunali in programma domenica 3\u00a0 e luned\u00ec 4 ottobre. Al lavoro non ci sono solo i papabili candidati, bens\u00ec anche i funzionari e gli impiegati del comune che rappresenteranno in tal senso la regia burocratica della preparazione alle consultazione elettorale. Al riguardo ecco come \u00e8 stato definito l&#8217;ufficio elettorale in funzione del lavoro straordinario che spetter\u00e0 ai funzionari prescelti. Il tutto \u00e8 stato pubblicato sull&#8217;albo pretorio e lo riportiamo qui di seguito: La direzione ed il coordinamento di tale ufficio sar\u00e0 compito del funzionario dell\u2019area Affari generali Mattia Luberto. Per quanto attiene invece la responsabilit\u00e0 del servizio di controllo per la sottocommissione elettorale circondariale il compito \u00e8 stato affidato a Lorenzo Imparato. Per quanto attiene invece il settore anagrafe e quindi la distribuzione eventuale delle tessere elettorali gli utenti si dovranno rivolgere agli uffici del piano terra: agli sportelli troveranno Maria Ferraro e Anna De Pasquale.<br \/>\n<span style=\"font-size: 10.0pt;\">Le sezioni interessate al voto sul territorio comunale sono nove divise nelle varie frazioni. La prima sezione verr\u00e0 ospitata a Carinola Centro nei locali dell\u2019ex tribunale. Nella scuola elementare di Casanova in via Nazionale verranno collocate le sezioni numero due e numero tre. A Casale nella scuola di viale dei Ciliegi ci saranno le sezioni quattro e cinque. Tre le sezioni (6-7-8) a Nocelleto nell\u2019istituto delle elementari di via IV Novembre. Una sede elettorale \u00e8 prevista anche a S.Croce. Saranno oltre 5mila gli elettori chiamati a scegliere il nuovo sindaco. <\/span><\/p>\n","protected":false},"excerpt":{"rendered":"<p>&nbsp; CARINOLA &#8211; Conto alla rovescia iniziato per la presentazione delle liste in vista delle elezioni comunali in<\/p>\n","protected":false},"author":2,"featured_media":28465,"comment_status":"closed","ping_status":"closed","sticky":false,"template":"","format":"standard","meta":{"sfsi_plus_gutenberg_text_before_share":"","sfsi_plus_gutenberg_show_text_before_share":"","sfsi_plus_gutenberg_icon_type":"","sfsi_plus_gutenberg_icon_alignemt":"","sfsi_plus_gutenburg_max_per_row":"","footnotes":""},"categories":[2973,9],"tags":[],"class_list":["post-31792","post","type-post","status-publish","format-standard","has-post-thumbnail","hentry","category-carinola","category-politica"],"_links":{"self":[{"href":"https:\/\/www.thereportzone.it\/index.php?rest_route=\/wp\/v2\/posts\/31792"}],"collection":[{"href":"https:\/\/www.thereportzone.it\/index.php?rest_route=\/wp\/v2\/posts"}],"about":[{"href":"https:\/\/www.thereportzone.it\/index.php?rest_route=\/wp\/v2\/types\/post"}],"author":[{"embeddable":true,"href":"https:\/\/www.thereportzone.it\/index.php?rest_route=\/wp\/v2\/users\/2"}],"replies":[{"embeddable":true,"href":"https:\/\/www.thereportzone.it\/index.php?rest_route=%2Fwp%2Fv2%2Fcomments&post=31792"}],"version-history":[{"count":0,"href":"https:\/\/www.thereportzone.it\/index.php?rest_route=\/wp\/v2\/posts\/31792\/revisions"}],"wp:featuredmedia":[{"embeddable":true,"href":"https:\/\/www.thereportzone.it\/index.php?rest_route=\/"}],"wp:attachment":[{"href":"https:\/\/www.thereportzone.it\/index.php?rest_route=%2Fwp%2Fv2%2Fmedia&parent=31792"}],"wp:term":[{"taxonomy":"category","embeddable":true,"href":"https:\/\/www.thereportzone.it\/index.php?rest_route=%2Fwp%2Fv2%2Fcategories&post=31792"},{"taxonomy":"post_tag","embeddable":true,"href":"https:\/\/www.thereportzone.it\/index.php?rest_route=%2Fwp%2Fv2%2Ftags&post=31792"}],"curies":[{"name":"wp","href":"https:\/\/api.w.org\/{rel}","templated":true}]}}