{"id":31719,"date":"2021-08-16T18:30:33","date_gmt":"2021-08-16T16:30:33","guid":{"rendered":"https:\/\/www.thereportzone.it\/?p=31719"},"modified":"2021-08-16T18:30:33","modified_gmt":"2021-08-16T16:30:33","slug":"sessa-al-voto-amelia-forte-a-sostegno-di-di-iorio-ecco-il-nostro-simbolo","status":"publish","type":"post","link":"https:\/\/www.thereportzone.it\/?p=31719","title":{"rendered":"SESSA AL VOTO &#8211; Amelia Forte: \u201cA sostegno di Di Iorio, ecco il nostro simbolo\u201d"},"content":{"rendered":"<p>&nbsp;<br \/>\nSESSA AURUNCA. Di seguito le dichiarazioni di Amelia Forte, a sostegno del candidato sindaco Lorenzo Di Iorio: \u201cIn questi mesi io e il mio il gruppo abbiamo messo tutto il nostro impegno per costruire non solo una lista competitiva per le prossime Elezioni Amministrative a Sessa Aurunca, ma un progetto politico capace di avanzare proposte concrete per il rilancio del nostro Territorio.<br \/>\nNegli anni, il nostro obiettivo \u00e8 sempre stato quello di dare risposte ai cittadini in maniera leale e sincera.<br \/>\nDopo mesi intensi di trattative e valutazioni sia politiche che progettuali siamo lieti di presentarvi il simbolo che accompagner\u00e0 il nostro gruppo nella prossima campagna elettorale in sostegno al Candidato Sindaco di Lorenzo Di Iorio.<br \/>\nRingraziamo Massimo Grimaldi e Luigi Bosco per aver condiviso il nostro spirito e le nostre motivazioni nel voler racchiudere in un unico contenitore le opportunit\u00e0 e le aspettative che solo un progetto politico, stratificato a pi\u00f9 livelli istituzionali, pu\u00f2 essere capace di offrire alla nostra Citt\u00e0 e ai nostri concittadini. #SessaPI\u00d9FORTE\u201d.<\/p>\n","protected":false},"excerpt":{"rendered":"<p>&nbsp; SESSA AURUNCA. Di seguito le dichiarazioni di Amelia Forte, a sostegno del candidato sindaco Lorenzo Di Iorio:<\/p>\n","protected":false},"author":2,"featured_media":31720,"comment_status":"closed","ping_status":"closed","sticky":false,"template":"","format":"standard","meta":{"sfsi_plus_gutenberg_text_before_share":"","sfsi_plus_gutenberg_show_text_before_share":"","sfsi_plus_gutenberg_icon_type":"","sfsi_plus_gutenberg_icon_alignemt":"","sfsi_plus_gutenburg_max_per_row":"","footnotes":""},"categories":[9],"tags":[],"class_list":["post-31719","post","type-post","status-publish","format-standard","has-post-thumbnail","hentry","category-politica"],"_links":{"self":[{"href":"https:\/\/www.thereportzone.it\/index.php?rest_route=\/wp\/v2\/posts\/31719"}],"collection":[{"href":"https:\/\/www.thereportzone.it\/index.php?rest_route=\/wp\/v2\/posts"}],"about":[{"href":"https:\/\/www.thereportzone.it\/index.php?rest_route=\/wp\/v2\/types\/post"}],"author":[{"embeddable":true,"href":"https:\/\/www.thereportzone.it\/index.php?rest_route=\/wp\/v2\/users\/2"}],"replies":[{"embeddable":true,"href":"https:\/\/www.thereportzone.it\/index.php?rest_route=%2Fwp%2Fv2%2Fcomments&post=31719"}],"version-history":[{"count":0,"href":"https:\/\/www.thereportzone.it\/index.php?rest_route=\/wp\/v2\/posts\/31719\/revisions"}],"wp:featuredmedia":[{"embeddable":true,"href":"https:\/\/www.thereportzone.it\/index.php?rest_route=\/"}],"wp:attachment":[{"href":"https:\/\/www.thereportzone.it\/index.php?rest_route=%2Fwp%2Fv2%2Fmedia&parent=31719"}],"wp:term":[{"taxonomy":"category","embeddable":true,"href":"https:\/\/www.thereportzone.it\/index.php?rest_route=%2Fwp%2Fv2%2Fcategories&post=31719"},{"taxonomy":"post_tag","embeddable":true,"href":"https:\/\/www.thereportzone.it\/index.php?rest_route=%2Fwp%2Fv2%2Ftags&post=31719"}],"curies":[{"name":"wp","href":"https:\/\/api.w.org\/{rel}","templated":true}]}}