{"id":31672,"date":"2021-08-13T17:43:16","date_gmt":"2021-08-13T15:43:16","guid":{"rendered":"https:\/\/www.thereportzone.it\/?p=31672"},"modified":"2021-08-13T17:43:16","modified_gmt":"2021-08-13T15:43:16","slug":"mondragone-ripartenza-2021-personale-antologica-darte-contemporanea-di-pasquale-sorrentino","status":"publish","type":"post","link":"https:\/\/www.thereportzone.it\/?p=31672","title":{"rendered":"MONDRAGONE &#8211; \u201cripARTEnza 2021\u201d personale antologica d\u2019arte contemporanea di Pasquale Sorrentino"},"content":{"rendered":"<p>&nbsp;<br \/>\n<strong>MONDRAGONE<\/strong>. \u201cripARTEnza 2021\u201d personale antologica d\u2019arte contemporanea di Pasquale Sorrentino. Dal 13 al 22 agosto al palazzo Capizzi in viale Margherita n.163\/169, Mondragone (CE) Inaugurazione: venerd\u00ec 13 agosto 2021, ore 20.30 \u201cNello studio di via Sementini, dopo mesi di lockdown, una coltre di polvere ha aggredito le superfici smaltate delle mie opere; i colori spenti e le forme offuscate sono stati l\u2019impulso che ha portato a ribellarmi all\u2019immobilismo che ha inondato, come una frana, la mia voglia di creare.<br \/>\n&#8220;Poi ho deciso di reagire\u2026 e le tante \u201cbozze\u201d in cantiere hanno preso forma\u201d. Queste le prime parole di Pasquale Sorrentino. L\u2019evento artistico &#8220;ripARTEnza 2021&#8221;, prender\u00e0 il via alle ore 20.30 di venerd\u00ec 13 agosto e sar\u00e0 visitabile fino al 22 agosto 2021, al palazzo Capizzi (ex locale Benetton) in viale Margherita n. 163\/169 a Mondragone (CE). Saranno presentate, tra pitture a sculture polimateriche, pi\u00f9 di venti opere, frutto degli ultimi tre anni di lavoro.<br \/>\nIl filo conduttore sar\u00e0 l\u2019arte e la sua capacit\u00e0 di descrivere il fascino, ma anche le asperit\u00e0, del presente: strumento di astrazione e generatore di positivit\u00e0, quale utile e forse unico mezzo capace di guidare l\u2019uomo contemporaneo fuori dal turbine che stiamo attraversando. L\u2019arte, secondo l\u2019autore \u00e8 vista come uno \u201cstrumento di ripartenza: per il recupero della bellezza e slancio positivo verso una nuova rinascita\u201d. Cos\u00ec l\u2019artista: \u201ccolgo l\u2019occasione per ringraziare in primo luogo l\u2019ing. Gianni Capizzi, per aver messo a mia disposizione i locali espositivi di viale Margherita e per la sua vicinanza intellettuale. Un altro grande ringraziamento va a tutti i miei collezionisti ed estimatori, italiani e stranieri, da sempre fonte vitale di ispirazione e successo\u201d.<br \/>\nL\u2019artista Pasquale Sorrentino, da tre lustri anche docente di Letteratura italiana e storia presso l\u2019ISISS \u201cN. Stefanelli\u201d di Mondragone, \u00e8 noto nel circuito espositivo nazionale per l\u2019originalit\u00e0 della sua cifra stilistica. Le sue opere, definite anche \u201caltorilievi nella tela\u201d, sono il frutto di una particolarissima fusione tra pittura e scultura, in cui si ravvisa la volont\u00e0 di riformulare l\u2019idea del supporto tela: una ricerca artistica che prende avvio agli inizi degli anni Novanta.<br \/>\nSorrentino ha esposto in Italia e all\u2019estero, le sue opere sono pubblicate su diverse riviste di settore e molti cataloghi di rassegne d\u2019arte. I suoi ultimi studi, convogliati nella rassegna \u201cripARTEnza 2021\u201d sono rivolti principalmente ad indagare le infinite sfaccettature della societ\u00e0 contemporanea e i profondi sconvolgimenti dovuti all\u2019attuale emergenza epidemiologica. L&#8217;evento \u00e8 curato dall\u2019associazione culturale \u201cStudio 21\u201d di Mondragone. Orari: 10:30\/13:00 &#8211; 18:00\/23:00 (ulteriori visite in orari diversi su prenotazione al 3285584241)<br \/>\n<a href=\"https:\/\/www.thereportzone.it\/cultura\/mondragone-ripartenza-2021-personale-antologica-darte-contemporanea-di-pasquale-sorrentino\/attachment\/ripartenza-2021\/\" rel=\"attachment wp-att-31674\"><img fetchpriority=\"high\" decoding=\"async\" class=\"aligncenter size-full wp-image-31674\" src=\"https:\/\/www.thereportzone.it\/wp-content\/uploads\/2021\/08\/RIPARTENZA-2021.jpg\" alt=\"\" width=\"1124\" height=\"201\" \/><\/a><\/p>\n","protected":false},"excerpt":{"rendered":"<p>&nbsp; MONDRAGONE. \u201cripARTEnza 2021\u201d personale antologica d\u2019arte contemporanea di Pasquale Sorrentino. Dal 13 al 22 agosto al palazzo<\/p>\n","protected":false},"author":2,"featured_media":31674,"comment_status":"closed","ping_status":"closed","sticky":false,"template":"","format":"standard","meta":{"sfsi_plus_gutenberg_text_before_share":"","sfsi_plus_gutenberg_show_text_before_share":"","sfsi_plus_gutenberg_icon_type":"","sfsi_plus_gutenberg_icon_alignemt":"","sfsi_plus_gutenburg_max_per_row":"","footnotes":""},"categories":[10,5],"tags":[],"class_list":["post-31672","post","type-post","status-publish","format-standard","has-post-thumbnail","hentry","category-cultura","category-mondragone"],"_links":{"self":[{"href":"https:\/\/www.thereportzone.it\/index.php?rest_route=\/wp\/v2\/posts\/31672"}],"collection":[{"href":"https:\/\/www.thereportzone.it\/index.php?rest_route=\/wp\/v2\/posts"}],"about":[{"href":"https:\/\/www.thereportzone.it\/index.php?rest_route=\/wp\/v2\/types\/post"}],"author":[{"embeddable":true,"href":"https:\/\/www.thereportzone.it\/index.php?rest_route=\/wp\/v2\/users\/2"}],"replies":[{"embeddable":true,"href":"https:\/\/www.thereportzone.it\/index.php?rest_route=%2Fwp%2Fv2%2Fcomments&post=31672"}],"version-history":[{"count":0,"href":"https:\/\/www.thereportzone.it\/index.php?rest_route=\/wp\/v2\/posts\/31672\/revisions"}],"wp:featuredmedia":[{"embeddable":true,"href":"https:\/\/www.thereportzone.it\/index.php?rest_route=\/"}],"wp:attachment":[{"href":"https:\/\/www.thereportzone.it\/index.php?rest_route=%2Fwp%2Fv2%2Fmedia&parent=31672"}],"wp:term":[{"taxonomy":"category","embeddable":true,"href":"https:\/\/www.thereportzone.it\/index.php?rest_route=%2Fwp%2Fv2%2Fcategories&post=31672"},{"taxonomy":"post_tag","embeddable":true,"href":"https:\/\/www.thereportzone.it\/index.php?rest_route=%2Fwp%2Fv2%2Ftags&post=31672"}],"curies":[{"name":"wp","href":"https:\/\/api.w.org\/{rel}","templated":true}]}}