{"id":31651,"date":"2021-08-12T16:57:21","date_gmt":"2021-08-12T14:57:21","guid":{"rendered":"https:\/\/www.thereportzone.it\/?p=31651"},"modified":"2021-08-12T16:57:21","modified_gmt":"2021-08-12T14:57:21","slug":"carinola-al-voto-cresce-lattesa-e-spunta-il-nome-di-una-possibile-candidata","status":"publish","type":"post","link":"https:\/\/www.thereportzone.it\/?p=31651","title":{"rendered":"CARINOLA AL VOTO &#8211; Cresce l&#8217;attesa e spunta il nome di una possibile candidata"},"content":{"rendered":"<p>&nbsp;<br \/>\n<strong>CARINOLA<\/strong>. Cresce l&#8217;attesa per la presentazione delle liste in vista delle elezioni comunali del 3 e 4 ottobre. Impazza ovviamente il toto-nomi per chi intende proporsi come candidato. Giungono alcune indiscrezioni in merito alla possibile candidatura a consigliere di Maria Palmese nella coalizione che fa capo a Giuseppina Di Biasio.<br \/>\nLa Palmese sar\u00e0 sostenuta da Pasquale Galdieri e da Tommaso Esposito, entrambi gi\u00e0 consiglieri comunali, si andr\u00e0 ad aggiungere al gruppo gi\u00e0 presente che fa capo al Consigliere Regionale Giovanni Zannini che vede gi\u00e0 ufficializzata la candidatura di Severino Di Cresce, sostenuta da Franco Di Biasio leader del gruppo \u201cCarinola Rinasce\u201d . Se ci\u00f2 si verificasse tale gruppo avrebbe un peso importante nell&#8217;ambito della coalizione, e non \u00e8 escluso che potrebbero proporre una terza candidatura.<br \/>\nSul fronte opposto restano ferme e determinate le candidature di Luigi Maria Verrengia sostenuta dagli ex socialisti, Antonella Migliozzi, Antonio Pagano e Carinola in Azione, Rosa Di Maio sostenuta dal Consigliere Regionale Massimo Grimaldi, Antonio Russo sostenuto da alcuni amici. A questi ci si aggiunge anche Salvatore Giacca e negli ultimi giorni si parla sempre pi\u00f9 insistentemente di una lista dei 5 stelle.<\/p>\n<div dir=\"auto\">Una situazione a dir poco ingarbugliata che se fosse vera sarebbe troppo favorevole alla coalizione che fa capo alla Di Biasio. Affinch\u00e9 non si voglia servire la vittoria all&#8217;avvocatessa su un piatto d&#8217;argento qualcuno degli aspiranti dovr\u00e0 fare un passo indietro, e proprio questo \u00e8 il problema.<\/div>\n","protected":false},"excerpt":{"rendered":"<p>&nbsp; CARINOLA. Cresce l&#8217;attesa per la presentazione delle liste in vista delle elezioni comunali del 3 e 4<\/p>\n","protected":false},"author":2,"featured_media":31657,"comment_status":"closed","ping_status":"closed","sticky":false,"template":"","format":"standard","meta":{"sfsi_plus_gutenberg_text_before_share":"","sfsi_plus_gutenberg_show_text_before_share":"","sfsi_plus_gutenberg_icon_type":"","sfsi_plus_gutenberg_icon_alignemt":"","sfsi_plus_gutenburg_max_per_row":"","footnotes":""},"categories":[2973,9],"tags":[],"class_list":["post-31651","post","type-post","status-publish","format-standard","has-post-thumbnail","hentry","category-carinola","category-politica"],"_links":{"self":[{"href":"https:\/\/www.thereportzone.it\/index.php?rest_route=\/wp\/v2\/posts\/31651"}],"collection":[{"href":"https:\/\/www.thereportzone.it\/index.php?rest_route=\/wp\/v2\/posts"}],"about":[{"href":"https:\/\/www.thereportzone.it\/index.php?rest_route=\/wp\/v2\/types\/post"}],"author":[{"embeddable":true,"href":"https:\/\/www.thereportzone.it\/index.php?rest_route=\/wp\/v2\/users\/2"}],"replies":[{"embeddable":true,"href":"https:\/\/www.thereportzone.it\/index.php?rest_route=%2Fwp%2Fv2%2Fcomments&post=31651"}],"version-history":[{"count":0,"href":"https:\/\/www.thereportzone.it\/index.php?rest_route=\/wp\/v2\/posts\/31651\/revisions"}],"wp:featuredmedia":[{"embeddable":true,"href":"https:\/\/www.thereportzone.it\/index.php?rest_route=\/"}],"wp:attachment":[{"href":"https:\/\/www.thereportzone.it\/index.php?rest_route=%2Fwp%2Fv2%2Fmedia&parent=31651"}],"wp:term":[{"taxonomy":"category","embeddable":true,"href":"https:\/\/www.thereportzone.it\/index.php?rest_route=%2Fwp%2Fv2%2Fcategories&post=31651"},{"taxonomy":"post_tag","embeddable":true,"href":"https:\/\/www.thereportzone.it\/index.php?rest_route=%2Fwp%2Fv2%2Ftags&post=31651"}],"curies":[{"name":"wp","href":"https:\/\/api.w.org\/{rel}","templated":true}]}}