{"id":31543,"date":"2021-08-07T11:45:19","date_gmt":"2021-08-07T09:45:19","guid":{"rendered":"https:\/\/www.thereportzone.it\/?p=31543"},"modified":"2021-08-07T11:45:19","modified_gmt":"2021-08-07T09:45:19","slug":"sessa-aurunca-di-iorio-annuncia-la-sua-ufficiale-candidatura-a-sindaco","status":"publish","type":"post","link":"https:\/\/www.thereportzone.it\/?p=31543","title":{"rendered":"SESSA AURUNCA &#8211; Di Iorio annuncia la sua ufficiale candidatura a sindaco"},"content":{"rendered":"<p>SESSA AURUNCA. \u201cCari Amici, \u00a0con grande emozione e consapevole dell\u2019onere che vado ad assumermi, comunico la mia candidatura a Sindaco della Citt\u00e0 di Sessa Aurunca.<br \/>\nUn atto figlio della mia passione per la politica e, soprattutto, frutto dell\u2019entusiasmo di poter rafforzare il lavoro svolto in questi anni grazie all\u2019esperienza che ho maturato.<br \/>\nNel gruppo che \u00e8 pronto a sostenermi, che si \u00e8 arricchito e si arricchisce continuamente di nuovi amici, ci sono sensibilit\u00e0 diverse sul piano politico, ma tutte con un unico sentimento: l\u2019amore per il Territorio Aurunco.<br \/>\nIl collante, per la prima volta nella storia di questo Comune, non saranno le sigle, ma i progetti e le idee.<br \/>\nIl nostro \u00e8 un percorso aperto a tutti quei cittadini che hanno voglia di rimboccarsi le maniche e lavorare per la Citt\u00e0 ed il Territorio.<br \/>\nChiunque si sente pronto a condividerlo, a migliorarlo, \u00e8 ben accetto.<br \/>\nNon ci sono vincoli, steccati e preconcetti nei confronti di niente e di nessuno.<br \/>\nL\u2019impegno per il Territorio, l\u2019attenzione per le fasce deboli, il mondo della scuola, i giovani ed il lavoro, l\u2019onest\u00e0, la legalit\u00e0 e la trasparenza, saranno i fondamenti condivisi del programma di azione per gli anni a venire.<br \/>\nLa mia sar\u00e0 l\u2019Amministrazione dell\u2019ascolto, del confronto costante e soprattutto del fare.<br \/>\nCon l\u2019aiuto di tutti i cittadini, ci impegneremo a trasformare la Terra che amiamo, nella Terra che vogliamo\u201d.<\/p>\n","protected":false},"excerpt":{"rendered":"<p>SESSA AURUNCA. \u201cCari Amici, \u00a0con grande emozione e consapevole dell\u2019onere che vado ad assumermi, comunico la mia candidatura<\/p>\n","protected":false},"author":2,"featured_media":31544,"comment_status":"closed","ping_status":"closed","sticky":false,"template":"","format":"standard","meta":{"sfsi_plus_gutenberg_text_before_share":"","sfsi_plus_gutenberg_show_text_before_share":"","sfsi_plus_gutenberg_icon_type":"","sfsi_plus_gutenberg_icon_alignemt":"","sfsi_plus_gutenburg_max_per_row":"","footnotes":""},"categories":[9],"tags":[],"class_list":["post-31543","post","type-post","status-publish","format-standard","has-post-thumbnail","hentry","category-politica"],"_links":{"self":[{"href":"https:\/\/www.thereportzone.it\/index.php?rest_route=\/wp\/v2\/posts\/31543"}],"collection":[{"href":"https:\/\/www.thereportzone.it\/index.php?rest_route=\/wp\/v2\/posts"}],"about":[{"href":"https:\/\/www.thereportzone.it\/index.php?rest_route=\/wp\/v2\/types\/post"}],"author":[{"embeddable":true,"href":"https:\/\/www.thereportzone.it\/index.php?rest_route=\/wp\/v2\/users\/2"}],"replies":[{"embeddable":true,"href":"https:\/\/www.thereportzone.it\/index.php?rest_route=%2Fwp%2Fv2%2Fcomments&post=31543"}],"version-history":[{"count":0,"href":"https:\/\/www.thereportzone.it\/index.php?rest_route=\/wp\/v2\/posts\/31543\/revisions"}],"wp:featuredmedia":[{"embeddable":true,"href":"https:\/\/www.thereportzone.it\/index.php?rest_route=\/"}],"wp:attachment":[{"href":"https:\/\/www.thereportzone.it\/index.php?rest_route=%2Fwp%2Fv2%2Fmedia&parent=31543"}],"wp:term":[{"taxonomy":"category","embeddable":true,"href":"https:\/\/www.thereportzone.it\/index.php?rest_route=%2Fwp%2Fv2%2Fcategories&post=31543"},{"taxonomy":"post_tag","embeddable":true,"href":"https:\/\/www.thereportzone.it\/index.php?rest_route=%2Fwp%2Fv2%2Ftags&post=31543"}],"curies":[{"name":"wp","href":"https:\/\/api.w.org\/{rel}","templated":true}]}}