{"id":31509,"date":"2021-08-05T19:11:35","date_gmt":"2021-08-05T17:11:35","guid":{"rendered":"https:\/\/www.thereportzone.it\/?p=31509"},"modified":"2021-08-05T19:11:35","modified_gmt":"2021-08-05T17:11:35","slug":"caserta-grande-successo-per-linaugurazione-della-sede-di-caserta-decide","status":"publish","type":"post","link":"https:\/\/www.thereportzone.it\/?p=31509","title":{"rendered":"CASERTA &#8211; Grande successo per l&#8217;inaugurazione della sede di &#8220;Caserta Decide&#8221;"},"content":{"rendered":"<p>&nbsp;<br \/>\nCASERTA &#8211; Grande successo per l&#8217;inaugurazione della sede di Caserta Decide in via Renella 106. Quasi un centinaio le persone intervenute, a dimostrare il grande entusiasmo che si sta sviluppando intorno all&#8217;esperienza che il neonato movimento sta costruendo. Ad aprire il pomeriggio di interventi \u00e8 stata la coordinatrice del movimento Sara Femiano, che ha spiegato il lungo processo di scrittura del programma, venuto fuori a un lungo lavoro di partecipazione e discussione, composto da webinar, questionari, passeggiate di quartiere, agor\u00e0 e focus group, coinvolgendo centinaia di persone direttamente e quasi duemila con i questionari.<br \/>\nA seguirla, l&#8217;intervento del candidato Sindaco per Caserta, Raffaele Giovine. &#8220;Dobbiamo far diventare Caserta una citt\u00e0 Europea, la citt\u00e0 dei diritti&#8221; ha dichiarato Giovine, che ha poi proseguito &#8220;Non possiamo pi\u00f9 permettere che Caserta sia sulla bocca di tutti per il disastro che sta vivendo. Dobbiamo invece farla diventare la citt\u00e0 del riscatto, la citt\u00e0 in cui i giovani possano rimanere, in cui gli anziani siano felici e in cui le famiglie possono costruire il proprio futuro.<br \/>\nUna citt\u00e0 verde, senza ulteriore cemento e palazzi, con delle politiche sociali scritte con e per la cittadinanza, una citt\u00e0 che riparte dal proprio patrimonio pubblico abbandonato per fare spazio alla cultura e alla citt\u00e0 operosa che tanto ha fatto in questi anni. Proprio questa citt\u00e0 operosa ha dimostrato che si pu\u00f2 fare: ora \u00e8 il momento di unirci per cambiare Caserta.&#8221;<br \/>\nSono poi intervenuti Davide Trezza del coordinamento nazionale di Potere al Popolo e Pina Vallefuoco coordinatrice provinciale di Terra che hanno espresso il loro sostegno a Caserta Decide. Sono stati seguiti dal consigliere comunale Antonello Fabrocile di Articolo 1 e da Vincenzo Fiano del Centro Sociale ex Canapificio che si candideranno con Caserta Decide.<\/p>\n","protected":false},"excerpt":{"rendered":"<p>&nbsp; CASERTA &#8211; Grande successo per l&#8217;inaugurazione della sede di Caserta Decide in via Renella 106. Quasi un<\/p>\n","protected":false},"author":2,"featured_media":31510,"comment_status":"closed","ping_status":"closed","sticky":false,"template":"","format":"standard","meta":{"sfsi_plus_gutenberg_text_before_share":"","sfsi_plus_gutenberg_show_text_before_share":"","sfsi_plus_gutenberg_icon_type":"","sfsi_plus_gutenberg_icon_alignemt":"","sfsi_plus_gutenburg_max_per_row":"","footnotes":""},"categories":[6,9],"tags":[],"class_list":["post-31509","post","type-post","status-publish","format-standard","has-post-thumbnail","hentry","category-caserta","category-politica"],"_links":{"self":[{"href":"https:\/\/www.thereportzone.it\/index.php?rest_route=\/wp\/v2\/posts\/31509"}],"collection":[{"href":"https:\/\/www.thereportzone.it\/index.php?rest_route=\/wp\/v2\/posts"}],"about":[{"href":"https:\/\/www.thereportzone.it\/index.php?rest_route=\/wp\/v2\/types\/post"}],"author":[{"embeddable":true,"href":"https:\/\/www.thereportzone.it\/index.php?rest_route=\/wp\/v2\/users\/2"}],"replies":[{"embeddable":true,"href":"https:\/\/www.thereportzone.it\/index.php?rest_route=%2Fwp%2Fv2%2Fcomments&post=31509"}],"version-history":[{"count":0,"href":"https:\/\/www.thereportzone.it\/index.php?rest_route=\/wp\/v2\/posts\/31509\/revisions"}],"wp:featuredmedia":[{"embeddable":true,"href":"https:\/\/www.thereportzone.it\/index.php?rest_route=\/"}],"wp:attachment":[{"href":"https:\/\/www.thereportzone.it\/index.php?rest_route=%2Fwp%2Fv2%2Fmedia&parent=31509"}],"wp:term":[{"taxonomy":"category","embeddable":true,"href":"https:\/\/www.thereportzone.it\/index.php?rest_route=%2Fwp%2Fv2%2Fcategories&post=31509"},{"taxonomy":"post_tag","embeddable":true,"href":"https:\/\/www.thereportzone.it\/index.php?rest_route=%2Fwp%2Fv2%2Ftags&post=31509"}],"curies":[{"name":"wp","href":"https:\/\/api.w.org\/{rel}","templated":true}]}}