{"id":31485,"date":"2021-08-04T16:43:58","date_gmt":"2021-08-04T14:43:58","guid":{"rendered":"https:\/\/www.thereportzone.it\/?p=31485"},"modified":"2021-08-04T16:43:58","modified_gmt":"2021-08-04T14:43:58","slug":"carinola-prestigiosa-nomina-per-lagronomo-pasquale-galdieri-in-ambito-provinciale","status":"publish","type":"post","link":"https:\/\/www.thereportzone.it\/?p=31485","title":{"rendered":"CARINOLA &#8211; Prestigiosa nomina per l&#8217;agronomo Pasquale Galdieri in ambito Provinciale"},"content":{"rendered":"<p>&nbsp;<br \/>\nCARINOLA &#8211;\u00a0Prestigioso riconoscimento per l\u2019agronomo\u00a0 Carinolese Pasquale Galdieri che nei giorni scorsi \u00e8 stato nominato nuovo amministratore unico della societ\u00e0 consortile per Innovazione e Sviluppo Integrato della Provincia di Caserta. Tale sodalizio di cui \u00e8 azionista di maggioranza l\u2019Ente Provincia, si occupa dell\u2019attuazione del Patto Territoriale e della realizzazione, fra gli altri, di interventi infrastrutturali nell\u2019area di Terra di Lavoro. Galdieri rimarr\u00e0 in carica per i prossimi tre anni e raccoglie il testimone di Aniello Spirito, dimessosi per motivi di lavoro dopo aver retto la societ\u00e0 nell\u2019ultimo biennio.<br \/>\nIl neo amministratore ha rilasciato le sue prime dichiarazioni in merito a tale nomina: \u201c<em>Ringrazio il Presidente Magliocca e l\u2019intera amministrazione provinciale per la fiducia accordata, impegnandomi fin da ora al raggiungimento degli obiettivi prefissati. La nostra provincia, pur con potenzialit\u00e0 di sviluppo notevoli, necessita del governo dei processi, per far s\u00ec che dette potenzialit\u00e0 possano emergere, fungendo da volano per lo sviluppo economico del territorio e per la valorizzazione delle eccellenze in esso presenti. Spender\u00f2 tutte le energie positive possibili per attingere ai fondi necessari per poi riversarli nei progetti sostenibili che perverranno dal tessuto economico e sociale<\/em>\u201d.<br \/>\nGaldieri inoltre potrebbe essere impegnato politicamente alle prossime elezioni amministrative in programma il 3 e 4 ottobre \u00a0come candidato consigliere a Carinola.<\/p>\n","protected":false},"excerpt":{"rendered":"<p>&nbsp; CARINOLA &#8211;\u00a0Prestigioso riconoscimento per l\u2019agronomo\u00a0 Carinolese Pasquale Galdieri che nei giorni scorsi \u00e8 stato nominato nuovo amministratore<\/p>\n","protected":false},"author":2,"featured_media":31489,"comment_status":"closed","ping_status":"closed","sticky":false,"template":"","format":"standard","meta":{"sfsi_plus_gutenberg_text_before_share":"","sfsi_plus_gutenberg_show_text_before_share":"","sfsi_plus_gutenberg_icon_type":"","sfsi_plus_gutenberg_icon_alignemt":"","sfsi_plus_gutenburg_max_per_row":"","footnotes":""},"categories":[2973,10],"tags":[],"class_list":["post-31485","post","type-post","status-publish","format-standard","has-post-thumbnail","hentry","category-carinola","category-cultura"],"_links":{"self":[{"href":"https:\/\/www.thereportzone.it\/index.php?rest_route=\/wp\/v2\/posts\/31485"}],"collection":[{"href":"https:\/\/www.thereportzone.it\/index.php?rest_route=\/wp\/v2\/posts"}],"about":[{"href":"https:\/\/www.thereportzone.it\/index.php?rest_route=\/wp\/v2\/types\/post"}],"author":[{"embeddable":true,"href":"https:\/\/www.thereportzone.it\/index.php?rest_route=\/wp\/v2\/users\/2"}],"replies":[{"embeddable":true,"href":"https:\/\/www.thereportzone.it\/index.php?rest_route=%2Fwp%2Fv2%2Fcomments&post=31485"}],"version-history":[{"count":0,"href":"https:\/\/www.thereportzone.it\/index.php?rest_route=\/wp\/v2\/posts\/31485\/revisions"}],"wp:featuredmedia":[{"embeddable":true,"href":"https:\/\/www.thereportzone.it\/index.php?rest_route=\/"}],"wp:attachment":[{"href":"https:\/\/www.thereportzone.it\/index.php?rest_route=%2Fwp%2Fv2%2Fmedia&parent=31485"}],"wp:term":[{"taxonomy":"category","embeddable":true,"href":"https:\/\/www.thereportzone.it\/index.php?rest_route=%2Fwp%2Fv2%2Fcategories&post=31485"},{"taxonomy":"post_tag","embeddable":true,"href":"https:\/\/www.thereportzone.it\/index.php?rest_route=%2Fwp%2Fv2%2Ftags&post=31485"}],"curies":[{"name":"wp","href":"https:\/\/api.w.org\/{rel}","templated":true}]}}