{"id":31352,"date":"2021-07-29T07:45:46","date_gmt":"2021-07-29T05:45:46","guid":{"rendered":"https:\/\/www.thereportzone.it\/?p=31352"},"modified":"2021-07-29T07:45:46","modified_gmt":"2021-07-29T05:45:46","slug":"mondragone-destra-sociale-mario-ambrosio-nuovo-coordinatore-provinciale","status":"publish","type":"post","link":"https:\/\/www.thereportzone.it\/?p=31352","title":{"rendered":"MONDRAGONE &#8211; Destra Sociale: Mario Ambrosio nuovo coordinatore provinciale"},"content":{"rendered":"<p><b><br \/>\nMONDRAGONE<\/b>. Comunicato stampa Destra Sociale Associazione Provinciale Caserta in Fratelli d\u2019Italia.<br \/>\nMario Ambrosino \u00e8 stato nominato dal coordinatore provinciale Avv. Emilio Pagliaro, Vice Coordinatore per la provincia di Caserta dell\u2019associazione nazionale Destra Sociale, aggregazione culturale federata a livello nazionale a Fratelli d\u2019Italia. La nomina \u00e8 stata consegnata personalmente dall\u2019Avv. Emilio Pagliaro, nelle mani del militante missino Mario Ambrosino, il quale ha dichiarato: sono onorato per la fiducia accordatami, il mio impegno continuer\u00e0 in maniera ancora pi\u00f9 intensa per far crescere il nostro movimento culturale partendo dalla mia citt\u00e0 Mondragone e per i comuni che formano la provincia di Caserta.<br \/>\nAbbiamo fondato Destra Sociale nel nostro territorio da circa un anno e mezzo, e posso affermare che si sono avvicinate un gruppo determinato di persone, professionisti, operai, tecnici e disoccupati, che lottano quotidianamente nei propri territori per portare avanti la nostra idea di Destra Sociale, un\u2019idea che ha radici profonde e che si proietta con programmi e contributi all\u2019avanguardia per il futuro dei nostri territori.<br \/>\nDestra Sociale \u00e8 per prima Passione, identit\u00e0, socialit\u00e0 intesa nel contenuto economico, sovranit\u00e0 delle comunit\u00e0 e dei popoli. Stiamo elaborando un\u2019alternativa programmatica solida sui territori per contrapporci al malgoverno del centrosinistra, vogliamo portare un contributo determinante e siamo aperti ad accettare nuove adesioni per tutto il territorio casertano\u2019.<br \/>\nL\u2019Avv. Emilio Pagliaro ha dichiarato: \u2018 Esprimo le mie pi\u00f9 sentite congratulazioni all\u2019amico di vecchia militanza Mario Ambrosino, e lo ringrazio da parte di tutto il gruppo di Destra Sociale Caserta per il suo impegno profuso sul territorio al fine di contribuire a formare un\u2019alternativa solida e determinata per essere Alfieri di quel cambiamento che si attende da troppo tempo per tutto il nostro meraviglioso litorale, ora i tempi sono maturi e le vele ammainate.<br \/>\nProssimamente renderemo noti i nostri programmi per i vari territori, siamo pronti a contribuire in maniera determinante per portare un cambio di rotta verso scelte politiche di Destra, siamo il popolo libero di Destra unito contro il malgoverno delle sinistre\u2019.<br \/>\n<a href=\"https:\/\/www.thereportzone.it\/politica\/mondragone-destra-sociale-mario-ambrosio-nuovo-coordinatore-provinciale\/attachment\/a2157e34-bd6a-4dcd-862a-481f79c6515f\/\" rel=\"attachment wp-att-31353\"><img fetchpriority=\"high\" decoding=\"async\" class=\"aligncenter size-full wp-image-31353\" src=\"https:\/\/www.thereportzone.it\/wp-content\/uploads\/2021\/07\/A2157E34-BD6A-4DCD-862A-481F79C6515F.jpeg\" alt=\"\" width=\"2048\" height=\"2048\" \/><\/a><\/p>\n","protected":false},"excerpt":{"rendered":"<p>MONDRAGONE. Comunicato stampa Destra Sociale Associazione Provinciale Caserta in Fratelli d\u2019Italia. Mario Ambrosino \u00e8 stato nominato dal coordinatore<\/p>\n","protected":false},"author":2,"featured_media":31353,"comment_status":"closed","ping_status":"closed","sticky":false,"template":"","format":"standard","meta":{"sfsi_plus_gutenberg_text_before_share":"","sfsi_plus_gutenberg_show_text_before_share":"","sfsi_plus_gutenberg_icon_type":"","sfsi_plus_gutenberg_icon_alignemt":"","sfsi_plus_gutenburg_max_per_row":"","footnotes":""},"categories":[9],"tags":[],"class_list":["post-31352","post","type-post","status-publish","format-standard","has-post-thumbnail","hentry","category-politica"],"_links":{"self":[{"href":"https:\/\/www.thereportzone.it\/index.php?rest_route=\/wp\/v2\/posts\/31352"}],"collection":[{"href":"https:\/\/www.thereportzone.it\/index.php?rest_route=\/wp\/v2\/posts"}],"about":[{"href":"https:\/\/www.thereportzone.it\/index.php?rest_route=\/wp\/v2\/types\/post"}],"author":[{"embeddable":true,"href":"https:\/\/www.thereportzone.it\/index.php?rest_route=\/wp\/v2\/users\/2"}],"replies":[{"embeddable":true,"href":"https:\/\/www.thereportzone.it\/index.php?rest_route=%2Fwp%2Fv2%2Fcomments&post=31352"}],"version-history":[{"count":0,"href":"https:\/\/www.thereportzone.it\/index.php?rest_route=\/wp\/v2\/posts\/31352\/revisions"}],"wp:featuredmedia":[{"embeddable":true,"href":"https:\/\/www.thereportzone.it\/index.php?rest_route=\/"}],"wp:attachment":[{"href":"https:\/\/www.thereportzone.it\/index.php?rest_route=%2Fwp%2Fv2%2Fmedia&parent=31352"}],"wp:term":[{"taxonomy":"category","embeddable":true,"href":"https:\/\/www.thereportzone.it\/index.php?rest_route=%2Fwp%2Fv2%2Fcategories&post=31352"},{"taxonomy":"post_tag","embeddable":true,"href":"https:\/\/www.thereportzone.it\/index.php?rest_route=%2Fwp%2Fv2%2Ftags&post=31352"}],"curies":[{"name":"wp","href":"https:\/\/api.w.org\/{rel}","templated":true}]}}