{"id":31082,"date":"2021-07-16T19:47:55","date_gmt":"2021-07-16T17:47:55","guid":{"rendered":"https:\/\/www.thereportzone.it\/?p=31082"},"modified":"2021-07-16T19:47:55","modified_gmt":"2021-07-16T17:47:55","slug":"caserta-cementificazioni-e-centri-commerciali-senza-sosta-la-posizione-di-caserta-decide","status":"publish","type":"post","link":"https:\/\/www.thereportzone.it\/?p=31082","title":{"rendered":"CASERTA &#8211; Cementificazioni e centri commerciali senza sosta: la posizione di Caserta Decide"},"content":{"rendered":"<p>&nbsp;<br \/>\n&nbsp;<br \/>\n&nbsp;<br \/>\n&nbsp;<br \/>\n&nbsp;<br \/>\n&nbsp;<br \/>\n&nbsp;<br \/>\n&nbsp;<br \/>\n&nbsp;<br \/>\n&nbsp;<br \/>\n&nbsp;<br \/>\n&nbsp;<br \/>\n&nbsp;<br \/>\nCASERTA &#8211; Da pochissime ore \u00e8 arrivata la notizia della costruzione di un McDonald in via Sant&#8217;Augusto, di fianco l&#8217;Iperion, nella stessa zona del nuovissimo Lidl e del prossimo ipermercato dell&#8217;MD. Una costruzione figlia del vizio che ha questa amministrazione comunale, quello delle licenze edilizie facili, rilasciate senza un piano urbanistico, che non viene appositamente approvato dall&#8217;amministrazione Marino per permettere la costruzione indiscriminata in deroga al vecchio piano. &#8220;Siamo stanchi di vedere Caserta cementificata e cannibalizzata da questi colossi del commercio internazionale&#8221;, dichiara Raffaele Giovine, candidato Sindaco con Caserta Decide. &#8221; Caserta ha bisogno di un piano commerciale e urbanistico che preveda lo stop alle cementificazioni e la tutela delle piccole attivit\u00e0 commerciali di prossimit\u00e0 che vengono ormai da anni massacrate dalla crisi e dai centri commerciali. Siamo inoltre profondamente contrari all&#8217;apertura sconsiderata di luoghi che insistono sulla commercializzazione di junk food: c&#8217;\u00e8 bisogno invece di tutelare l&#8217;enogastronomia locale e di qualit\u00e0. Per questo siamo in campo, per una nuova idea di citt\u00e0, pi\u00f9 verde e con meno cemento, che rispetti la piccola attivit\u00e0 imprenditoriale e la tuteli, dopo due anni di gravissime difficolt\u00e0.&#8221;<\/p>\n","protected":false},"excerpt":{"rendered":"<p>&nbsp; &nbsp; &nbsp; &nbsp; &nbsp; &nbsp; &nbsp; &nbsp; &nbsp; &nbsp; &nbsp; &nbsp; &nbsp; CASERTA &#8211; Da pochissime ore<\/p>\n","protected":false},"author":2,"featured_media":30611,"comment_status":"closed","ping_status":"closed","sticky":false,"template":"","format":"standard","meta":{"sfsi_plus_gutenberg_text_before_share":"","sfsi_plus_gutenberg_show_text_before_share":"","sfsi_plus_gutenberg_icon_type":"","sfsi_plus_gutenberg_icon_alignemt":"","sfsi_plus_gutenburg_max_per_row":"","footnotes":""},"categories":[6,9],"tags":[],"class_list":["post-31082","post","type-post","status-publish","format-standard","has-post-thumbnail","hentry","category-caserta","category-politica"],"_links":{"self":[{"href":"https:\/\/www.thereportzone.it\/index.php?rest_route=\/wp\/v2\/posts\/31082"}],"collection":[{"href":"https:\/\/www.thereportzone.it\/index.php?rest_route=\/wp\/v2\/posts"}],"about":[{"href":"https:\/\/www.thereportzone.it\/index.php?rest_route=\/wp\/v2\/types\/post"}],"author":[{"embeddable":true,"href":"https:\/\/www.thereportzone.it\/index.php?rest_route=\/wp\/v2\/users\/2"}],"replies":[{"embeddable":true,"href":"https:\/\/www.thereportzone.it\/index.php?rest_route=%2Fwp%2Fv2%2Fcomments&post=31082"}],"version-history":[{"count":0,"href":"https:\/\/www.thereportzone.it\/index.php?rest_route=\/wp\/v2\/posts\/31082\/revisions"}],"wp:featuredmedia":[{"embeddable":true,"href":"https:\/\/www.thereportzone.it\/index.php?rest_route=\/"}],"wp:attachment":[{"href":"https:\/\/www.thereportzone.it\/index.php?rest_route=%2Fwp%2Fv2%2Fmedia&parent=31082"}],"wp:term":[{"taxonomy":"category","embeddable":true,"href":"https:\/\/www.thereportzone.it\/index.php?rest_route=%2Fwp%2Fv2%2Fcategories&post=31082"},{"taxonomy":"post_tag","embeddable":true,"href":"https:\/\/www.thereportzone.it\/index.php?rest_route=%2Fwp%2Fv2%2Ftags&post=31082"}],"curies":[{"name":"wp","href":"https:\/\/api.w.org\/{rel}","templated":true}]}}