{"id":31013,"date":"2021-07-13T19:56:41","date_gmt":"2021-07-13T17:56:41","guid":{"rendered":"https:\/\/www.thereportzone.it\/?p=31013"},"modified":"2021-07-13T19:56:41","modified_gmt":"2021-07-13T17:56:41","slug":"terra-dei-fuochi-la-visita-del-presidente-della-commissione-ecomafie-vignaroli-necessario-vertice-interministeriale","status":"publish","type":"post","link":"https:\/\/www.thereportzone.it\/?p=31013","title":{"rendered":"Terra dei Fuochi, la visita del Presidente della Commissione Ecomafie Vignaroli: &#8220;necessario vertice interministeriale&#8221;"},"content":{"rendered":"<p><b><br \/>\nPOLITICA<\/b>. Napoli, 13 luglio 2021. Si \u00e8 tenuta nella giornata di oggi la visita nella Terra dei Fuochi del Presidente della Commissione Ecomafie Stefano Vignaroli, accompagnato dal Consulente della Commissione Ecomafie e vice Prefetto Andrea Cantadori e dal deputato Antonio Del Monaco, componente delle commissioni Difesa ed Ecomafie, preceduta dal vertice in Prefettura a Napoli, durante il quale il Presidente della Commissione Ecomafie ha ascoltato il vice Prefetto incaricato al contrasto dei roghi Filippo Romano e il Comandante di Raggruppamento &#8220;Campania&#8221; per le operazioni &#8220;Strade Sicure&#8221; e &#8220;Terra dei Fuochi\u201d, Colonnello Daniele Cesaro, oltre ad alcuni volontari ambientali del territorio.<br \/>\nDopo la riunione in prefettura, il Presidente Vignaroli \u00e8 stato accompagnato in visita ai campi rom di Giugliano in Campania, alla discarica di Taverna del Re e di Masseria del Pozzo, luogo nel quale \u00e8 avvenuto un pericoloso incendio la scorsa settimana, erroneamente attribuito &#8211; in un primo momento &#8211; a Taverna del Re, dove ad accoglierlo c\u2019era una delegazione di amministratori del territorio insieme al deputato, gi\u00e0 Sottosegretario di Stato per l&#8217;Ambiente e la tutela del territorio, Salvatore Micillo.<br \/>\nIl Presidente Vignaroli, in compagnia del vice-prefetto Andrea Cantadori e dell\u2019onorevole Del Monaco, \u00e8 stato successivamente accolto in prefettura a Caserta dal Prefetto Raffaele Ruberto. \u201c\u00c8 stata una visita importantissima che non \u00e8 semplice commentare in poche parole &#8211; ha spiegato il Presidente della Commissione Ecomafie Stefano Vignaroli -. Una cosa \u00e8 certa: da queste parti c\u2019\u00e8 bisogno di una presenza dello Stato costante e fattiva, che non pu\u00f2 tradursi in visite lampo prive di risolti concreti.<br \/>\nQui ci sono uomini dello Stato impegnati a vario titolo per risolvere dei problemi le cui soluzioni, nei decenni, sono state solo proclamate dalla politica e mai attuate. Ci\u00f2 che emerge pi\u00f9 di ogni cosa da questa visita &#8211; ha osservato Vignaroli &#8211; \u00e8 la tradizionale, nostro malgrado, scarsit\u00e0 di mezzi e risorse fatta presente da chi \u00e8 impegnato in prima linea, che si traduce inevitabilmente anche in un sentimento di sfiducia da parte di volontari e cittadini del territorio.<br \/>\nLa gente da queste parti, giustamente, chiede azioni concrete e non slogan continui. Emerge poi un aspetto umano e sociale &#8211; ha continuato il Presidente di Ecomafie &#8211; riguardo la situazione drammatica, specie da un punto di vista igienico-sanitario, vissuta nei campi rom nei pressi delle discariche.<br \/>\nAl netto di ogni giusto ragionamento, un Paese avanzato come il nostro non pu\u00f2 permettersi situazioni di degrado cos\u00ec esasperate, le quali non possono che generare ulteriore degrado e costituire bacini di criminalit\u00e0. Non \u00e8 il caso di fare ulteriori annunci &#8211; ha specificato Vignaroli &#8211; ma posso dire che sicuramente mi far\u00f2 portatore di queste istanze al governo e promotore di un vertice che coinvolga le forze e i rappresentanti di diversi ministeri e organi di governo.<br \/>\nL\u2019unico approccio possibile di contrasto ai roghi e ai mille problemi della Terra dei Fuochi \u00e8 quello di un\u2019azione che coinvolga pi\u00f9 ambiti di governo sotto un\u2019unica cabina di regia. La nostra azione &#8211; ha concluso Vignaroli &#8211; come Commissione Ecomafie, sar\u00e0 mirata prossimamente non solo al contrasto ai roghi, ma anche al filone dei rifiuti abbandonati nelle aree metropolitane italiane.\u201d<br \/>\n<a href=\"https:\/\/www.thereportzone.it\/politica\/terra-dei-fuochi-la-visita-del-presidente-della-commissione-ecomafie-vignaroli-necessario-vertice-interministeriale\/attachment\/9a1b0c0b-7370-48eb-afa1-79dae51ce509\/\" rel=\"attachment wp-att-31015\"><img fetchpriority=\"high\" decoding=\"async\" class=\"aligncenter size-full wp-image-31015\" src=\"https:\/\/www.thereportzone.it\/wp-content\/uploads\/2021\/07\/9A1B0C0B-7370-48EB-AFA1-79DAE51CE509.jpeg\" alt=\"\" width=\"1802\" height=\"1368\" \/><\/a> <a href=\"https:\/\/www.thereportzone.it\/politica\/terra-dei-fuochi-la-visita-del-presidente-della-commissione-ecomafie-vignaroli-necessario-vertice-interministeriale\/attachment\/3b9d634e-62ae-4995-a0aa-31d22bcb940b\/\" rel=\"attachment wp-att-31016\"><img decoding=\"async\" class=\"aligncenter size-full wp-image-31016\" src=\"https:\/\/www.thereportzone.it\/wp-content\/uploads\/2021\/07\/3B9D634E-62AE-4995-A0AA-31D22BCB940B.jpeg\" alt=\"\" width=\"2048\" height=\"1829\" \/><\/a> <a href=\"https:\/\/www.thereportzone.it\/politica\/terra-dei-fuochi-la-visita-del-presidente-della-commissione-ecomafie-vignaroli-necessario-vertice-interministeriale\/attachment\/92c0b935-685a-4796-9389-09afa57befc5\/\" rel=\"attachment wp-att-31017\"><img decoding=\"async\" class=\"aligncenter size-full wp-image-31017\" src=\"https:\/\/www.thereportzone.it\/wp-content\/uploads\/2021\/07\/92C0B935-685A-4796-9389-09AFA57BEFC5.jpeg\" alt=\"\" width=\"1706\" height=\"1368\" \/><\/a> <a href=\"https:\/\/www.thereportzone.it\/politica\/terra-dei-fuochi-la-visita-del-presidente-della-commissione-ecomafie-vignaroli-necessario-vertice-interministeriale\/attachment\/88741d13-4b6a-40cc-b9b2-f349c1790250\/\" rel=\"attachment wp-att-31018\"><img loading=\"lazy\" decoding=\"async\" class=\"aligncenter size-full wp-image-31018\" src=\"https:\/\/www.thereportzone.it\/wp-content\/uploads\/2021\/07\/88741D13-4B6A-40CC-B9B2-F349C1790250.jpeg\" alt=\"\" width=\"1773\" height=\"1368\" \/><\/a><\/p>\n","protected":false},"excerpt":{"rendered":"<p>POLITICA. Napoli, 13 luglio 2021. Si \u00e8 tenuta nella giornata di oggi la visita nella Terra dei Fuochi<\/p>\n","protected":false},"author":2,"featured_media":31014,"comment_status":"closed","ping_status":"closed","sticky":false,"template":"","format":"standard","meta":{"sfsi_plus_gutenberg_text_before_share":"","sfsi_plus_gutenberg_show_text_before_share":"","sfsi_plus_gutenberg_icon_type":"","sfsi_plus_gutenberg_icon_alignemt":"","sfsi_plus_gutenburg_max_per_row":"","footnotes":""},"categories":[9],"tags":[],"class_list":["post-31013","post","type-post","status-publish","format-standard","has-post-thumbnail","hentry","category-politica"],"_links":{"self":[{"href":"https:\/\/www.thereportzone.it\/index.php?rest_route=\/wp\/v2\/posts\/31013"}],"collection":[{"href":"https:\/\/www.thereportzone.it\/index.php?rest_route=\/wp\/v2\/posts"}],"about":[{"href":"https:\/\/www.thereportzone.it\/index.php?rest_route=\/wp\/v2\/types\/post"}],"author":[{"embeddable":true,"href":"https:\/\/www.thereportzone.it\/index.php?rest_route=\/wp\/v2\/users\/2"}],"replies":[{"embeddable":true,"href":"https:\/\/www.thereportzone.it\/index.php?rest_route=%2Fwp%2Fv2%2Fcomments&post=31013"}],"version-history":[{"count":0,"href":"https:\/\/www.thereportzone.it\/index.php?rest_route=\/wp\/v2\/posts\/31013\/revisions"}],"wp:featuredmedia":[{"embeddable":true,"href":"https:\/\/www.thereportzone.it\/index.php?rest_route=\/"}],"wp:attachment":[{"href":"https:\/\/www.thereportzone.it\/index.php?rest_route=%2Fwp%2Fv2%2Fmedia&parent=31013"}],"wp:term":[{"taxonomy":"category","embeddable":true,"href":"https:\/\/www.thereportzone.it\/index.php?rest_route=%2Fwp%2Fv2%2Fcategories&post=31013"},{"taxonomy":"post_tag","embeddable":true,"href":"https:\/\/www.thereportzone.it\/index.php?rest_route=%2Fwp%2Fv2%2Ftags&post=31013"}],"curies":[{"name":"wp","href":"https:\/\/api.w.org\/{rel}","templated":true}]}}