{"id":3057,"date":"2015-11-09T09:36:29","date_gmt":"2015-11-09T09:36:29","guid":{"rendered":"http:\/\/www.thereportzone.it\/?p=3057"},"modified":"2015-11-09T09:36:29","modified_gmt":"2015-11-09T09:36:29","slug":"i-dem-piu-sud-piu-europa-nasce-lassociazione-avv-carlo-cerrito-presidente","status":"publish","type":"post","link":"https:\/\/www.thereportzone.it\/?p=3057","title":{"rendered":"I-Dem pi\u00f9 Sud pi\u00f9 Europa, nasce l&#8217;Associazione: Carlo Cerrito Presidente"},"content":{"rendered":"<p><strong><a href=\"http:\/\/www.thereportzone.it\/wp-content\/uploads\/2015\/11\/xtmkqQ2Q_400x400.jpeg\"><img fetchpriority=\"high\" decoding=\"async\" class=\"size-medium wp-image-3059 alignright\" src=\"http:\/\/www.thereportzone.it\/wp-content\/uploads\/2015\/11\/xtmkqQ2Q_400x400-300x300.jpeg\" alt=\"xtmkqQ2Q_400x400\" width=\"300\" height=\"300\" \/><\/a>9 Novembre 2015 &#8211; Caserta.<\/strong>\u00a0Nasce \u00a0l&#8217;associazione I-Dem pi\u00f9 Sud-pi\u00f9 Europa, che in Campania prende le mosse dalla volont\u00e0 politica dell&#8217; Eurodeputato On. Nicola Caputo. I-Dem si ispira ai principi di solidariet\u00e0 sociale ed economica, di uguaglianza ed integrazione tra i popoli. L&#8217;Associazione, proiettata su sei regioni italiane, Campania, Puglia, Calabria, Basilicata, Abruzzo e Molise, nasce per promuovere una Politica ed un modello di sviluppo economico in cui si miscelano tradizione, ambiente, tecnologia e visione del futuro ed ha affidato la Presidenza a Carlo Cerrito, giovane avvocato giuslavorista. L\u2019associazione ha come progetto quello della crescita e di integrazione in una Europa sempre pi\u00f9 multisfaccettata. Dare voce alla tradizione e all\u2019ambiente, in un\u2019ottica pi\u00f9 ampia che abbraccia anche la tecnologia e tutto quanto concerne la solidariet\u00e0 e l\u2019 integrazione, in un\u2019era fortemente proiettata verso il futuro, risulta tassello fondamentale per le societ\u00e0 di oggi. Il progetto, ancora in fase di ultimazione, sta gi\u00e0 riscuotendo molti consensi in ambito politico e sociale.<\/p>\n","protected":false},"excerpt":{"rendered":"<p>9 Novembre 2015 &#8211; Caserta.\u00a0Nasce \u00a0l&#8217;associazione I-Dem pi\u00f9 Sud-pi\u00f9 Europa, che in Campania prende le mosse dalla volont\u00e0<\/p>\n","protected":false},"author":2,"featured_media":0,"comment_status":"closed","ping_status":"open","sticky":false,"template":"","format":"standard","meta":{"sfsi_plus_gutenberg_text_before_share":"","sfsi_plus_gutenberg_show_text_before_share":"","sfsi_plus_gutenberg_icon_type":"","sfsi_plus_gutenberg_icon_alignemt":"","sfsi_plus_gutenburg_max_per_row":"","footnotes":""},"categories":[9],"tags":[4033,4034,17,138,4035,4036,4037,195],"class_list":["post-3057","post","type-post","status-publish","format-standard","hentry","category-politica","tag-associazione","tag-carlo-cerrito","tag-caserta","tag-europa","tag-europarlamentare","tag-i-dem","tag-nicola-caputo","tag-politica-2"],"_links":{"self":[{"href":"https:\/\/www.thereportzone.it\/index.php?rest_route=\/wp\/v2\/posts\/3057"}],"collection":[{"href":"https:\/\/www.thereportzone.it\/index.php?rest_route=\/wp\/v2\/posts"}],"about":[{"href":"https:\/\/www.thereportzone.it\/index.php?rest_route=\/wp\/v2\/types\/post"}],"author":[{"embeddable":true,"href":"https:\/\/www.thereportzone.it\/index.php?rest_route=\/wp\/v2\/users\/2"}],"replies":[{"embeddable":true,"href":"https:\/\/www.thereportzone.it\/index.php?rest_route=%2Fwp%2Fv2%2Fcomments&post=3057"}],"version-history":[{"count":0,"href":"https:\/\/www.thereportzone.it\/index.php?rest_route=\/wp\/v2\/posts\/3057\/revisions"}],"wp:attachment":[{"href":"https:\/\/www.thereportzone.it\/index.php?rest_route=%2Fwp%2Fv2%2Fmedia&parent=3057"}],"wp:term":[{"taxonomy":"category","embeddable":true,"href":"https:\/\/www.thereportzone.it\/index.php?rest_route=%2Fwp%2Fv2%2Fcategories&post=3057"},{"taxonomy":"post_tag","embeddable":true,"href":"https:\/\/www.thereportzone.it\/index.php?rest_route=%2Fwp%2Fv2%2Ftags&post=3057"}],"curies":[{"name":"wp","href":"https:\/\/api.w.org\/{rel}","templated":true}]}}