{"id":30191,"date":"2021-06-10T17:59:44","date_gmt":"2021-06-10T15:59:44","guid":{"rendered":"https:\/\/www.thereportzone.it\/?p=30191"},"modified":"2021-06-10T17:59:44","modified_gmt":"2021-06-10T15:59:44","slug":"roma-castiello-lega-denuncia-usipchiedero-intervento-sottosegretario-molteni","status":"publish","type":"post","link":"https:\/\/www.thereportzone.it\/?p=30191","title":{"rendered":"ROMA &#8211; CASTIELLO (LEGA): DENUNCIA USIP, CHIEDER\u00d2 INTERVENTO SOTTOSEGRETARIO MOLTENI"},"content":{"rendered":"<p>ROMA. &#8211; Nei prossimi giorni scriver\u00f2 al sottosegretario all&#8217;interno Nicola Molteni al quale chieder\u00f2 di muovere passi formali rispetto alla grave situazione rappresentata dal sindacato di Polizia USIP della sezione di Caserta. La Questura di Caserta, molto ben diretta dal Questore Borrelli, e capace di raggiungere risultati straordinari sia nella lotta al crimine che sotto il profilo dell&#8217;ordine pubblico, \u00e8 tuttavia interessata da troppo tempo da una serie di carenze, giustamente denunciate in una nota a firma del segretario provinciale dell&#8217; USIP Pasquale Picazio,rispetto alle quali, il livello centrale, non pu\u00f2 pi\u00f9 permettersi di differire nel tempo un intervento risoluto e concreto.<br \/>\nAl sottosegretario Molteni chieder\u00f2 non soltanto di interessarsi con determinazione della questione, ma anche di programmare a stretto giro di posta una visita presso la Questura di Caserta.<br \/>\nI notevoli risultati centrati da una Questura strategica come quella di Caserta, che insiste su un territorio vasto e difficile, non possono essere esposti a rischio vanificazione a causa di\u00a0 una serie di carenze che, sebbene non imputabili al personale in organico, si fa davvero fatica ad accettare&#8221;<br \/>\nOccorrono uomini, mezzi, e altre dotazioni per assicurare operativit\u00e0 e ottimizzazione del lavoro.<br \/>\nSono certa che il sottosegretario Molteni prender\u00e0\u00a0 a cuore il problema&#8221;.<br \/>\nLo ha dichiarato L&#8217;On. Pina Castiello, deputato campano della Lega e membro dell&#8217;esecutivo nazionale.<\/p>\n","protected":false},"excerpt":{"rendered":"<p>ROMA. &#8211; Nei prossimi giorni scriver\u00f2 al sottosegretario all&#8217;interno Nicola Molteni al quale chieder\u00f2 di muovere passi formali<\/p>\n","protected":false},"author":2,"featured_media":30192,"comment_status":"closed","ping_status":"closed","sticky":false,"template":"","format":"standard","meta":{"sfsi_plus_gutenberg_text_before_share":"","sfsi_plus_gutenberg_show_text_before_share":"","sfsi_plus_gutenberg_icon_type":"","sfsi_plus_gutenberg_icon_alignemt":"","sfsi_plus_gutenburg_max_per_row":"","footnotes":""},"categories":[9],"tags":[],"class_list":["post-30191","post","type-post","status-publish","format-standard","has-post-thumbnail","hentry","category-politica"],"_links":{"self":[{"href":"https:\/\/www.thereportzone.it\/index.php?rest_route=\/wp\/v2\/posts\/30191"}],"collection":[{"href":"https:\/\/www.thereportzone.it\/index.php?rest_route=\/wp\/v2\/posts"}],"about":[{"href":"https:\/\/www.thereportzone.it\/index.php?rest_route=\/wp\/v2\/types\/post"}],"author":[{"embeddable":true,"href":"https:\/\/www.thereportzone.it\/index.php?rest_route=\/wp\/v2\/users\/2"}],"replies":[{"embeddable":true,"href":"https:\/\/www.thereportzone.it\/index.php?rest_route=%2Fwp%2Fv2%2Fcomments&post=30191"}],"version-history":[{"count":0,"href":"https:\/\/www.thereportzone.it\/index.php?rest_route=\/wp\/v2\/posts\/30191\/revisions"}],"wp:featuredmedia":[{"embeddable":true,"href":"https:\/\/www.thereportzone.it\/index.php?rest_route=\/"}],"wp:attachment":[{"href":"https:\/\/www.thereportzone.it\/index.php?rest_route=%2Fwp%2Fv2%2Fmedia&parent=30191"}],"wp:term":[{"taxonomy":"category","embeddable":true,"href":"https:\/\/www.thereportzone.it\/index.php?rest_route=%2Fwp%2Fv2%2Fcategories&post=30191"},{"taxonomy":"post_tag","embeddable":true,"href":"https:\/\/www.thereportzone.it\/index.php?rest_route=%2Fwp%2Fv2%2Ftags&post=30191"}],"curies":[{"name":"wp","href":"https:\/\/api.w.org\/{rel}","templated":true}]}}