{"id":3008,"date":"2015-11-06T11:45:16","date_gmt":"2015-11-06T11:45:16","guid":{"rendered":"http:\/\/www.thereportzone.it\/?p=3008"},"modified":"2015-11-06T11:45:16","modified_gmt":"2015-11-06T11:45:16","slug":"proposta-per-creare-un-auditorium-ad-aversa-m5s-scende-in-campo","status":"publish","type":"post","link":"https:\/\/www.thereportzone.it\/?p=3008","title":{"rendered":"Proposta per creare un Auditorium ad Aversa, M5S scende in campo"},"content":{"rendered":"<p><br \/>\n<strong>6 Novembre 2015 &#8211; Aversa.<\/strong>\u00a0Riceviamo e pubblichiamo dal Movimento 5 Stelle di Aversa: &#8220;Credo che progettare il futuro di una citt\u00e0 sia una cosa seria e, principalmente, da guardare sempre con una prospettiva a lunga gittata. Vedere come in questi anni i progetti di riqualificazione del nostro territorio siano stati tra loro disgiunti e principalmente incoerenti con una linea di logica interdipendenza, crea realmente una sorta di perplessit\u00e0 non solo in me, ma in tanti cittadini aversani. E\u2019 possibile che tutte le cose poste in essere dalle precedenti amministrazioni siano solo esecuzioni, spesso mal riuscite, di \u201cpromesse fatte in campagna elettorale\u201d ? Parliamo di via Roma, opera di \u201cordinaria amministrazione\u201d che ci stanno servendo come una grande opera pubblica, o del rifacimento del carcere mandamentale, che doveva essere una casa dello studente che mai \u00e8 stata aperta, o di quel Leonardo Bianchi, acquistato dal comune e lasciato marcire alle intemperie\u2026.! E gli esempi di tale scarsa e traballante progettualit\u00e0 sono diversi, infiniti, molteplici: Ahim\u00e8 . Ed allora iniziamo a tracciare dei solchi sui quali installare i binari di un rilancio vero della nostra citt\u00e0, attraverso la sua storia, le sue molteplici vocazioni e le sue potenzialit\u00e0 ! Ed iniziamo proprio da quello che poteva essere un volano di sviluppo, mai compreso dai nostri amministratori, a causa della loro mal celata incompetenza e, magari, approssimazione: La tradizione musicale aversana, ovvero Jommelli e Cimarosa. Non servono festival arraffazzonati, dispendiosi. Non serve buttare dalla finestra centinaia di migliaia di euro creando degli eventi ai quali la gente non va, perch\u00e9 in essi non crede. Progettualit\u00e0 vuol dire partire dall\u2019essenziale. Ogni Festival musicale in Italia, e parlo di Pesaro, Torre del lago, Martina Franca, \u00e8 nato creando una struttura organizzativa, una Fondazione con a capo \u201cIntellettuali, musicisti, esperti\u201d. Ad Aversa di fondazione Cimarosa si parla da circa 50 anni: \u201cLa costituenda Fondazione Cimarosa\u201d, omni presente nei programmi PD, PDL, PSI, DC, PCI\u2026..! Bene: Per fare una Fondazione ci vogliono pochi giorni di lavoro e principalmente la volont\u00e0 di chi la vuole porre in essere ! Ma questa ad Aversa non c\u2019\u00e8 mai stata. Poco male, visto e considerato i soggetti che volevano, poi, tenerne le redini ! Ma andiamo oltre. La musica, per essere eseguita, ha bisogno di spazi. E ad Aversa non ne abbiamo. L\u2019unico teatro classico \u00e8 il Cimarosa, che oltre ad essere privato, ha il problema di un palco di pochi metri quadrati e della mancanza di una buca d\u2019Orchestra. Quindi \u00e8 inadatto sia ad allestimenti lirici che a concerti con grande orchestra. Il Metropolitan, anch\u2019esso privato, ha il problema di una pessima acustica. Allora, perch\u00e9 non individuare, all\u2019interno delle strutture gi\u00e0 esistenti, un luogo che pu\u00f2 essere deputato al ruolo di Auditorium ? Molte voci si sono succedute in proposito in questi anni, ma riguardanti chiese da ristrutturare, sempre e comunque di piccole dimensioni, inadatte a prescindere per ospitare concerti e manifestazioni di grande portata. In proposito facciamo notare che sia Jommelli che Cimarosa scrivevano gi\u00e0 per orchestre di una certa consistenza, e che quindi se il luogo per l\u2019esecuzione \u00e8 ridotto, il pubblico avrebbe poco spazio. Ed allora perch\u00e9 non pensare a strutture da riutilizzare di una certa ampiezza ? Come magari una tra le due grandi strutture della chiesa del Carmine e di quella di San Domenico ? La prima di propriet\u00e0 demaniale, ma ahim\u00e8 sormontata da una grande cupola, che rende l\u2019acustica realmente inadatta. La seconda, invece, di propriet\u00e0 del Fondo edifici di culto, ma priva di cupola, e quindi pi\u00f9 adatta ad esecuzioni musicali di un certo rilievo. Gli esempi di tale riutilizzo di spazi destinati precedentemente al culto in Italia sono molteplici. L\u2019Auditorium del Caravita a Roma, la magnifica chiesa di San Francesco a Firenze, quella di Santa Maria Maggiore della Pietrasanta a Napoli\u2026..! Tutte strutture riadattate che hanno, comunque, conservato il loro valore artistico ma che, con il cambio di destinazione d\u2019uso, hanno acquistato una nuova valenza e, principalmente, sono andate a colmare una carenza di spazi che, spesso, sul territorio italiano inficia la possibilit\u00e0 di portare la musica e l\u2019arte dappertutto. Ed allora perch\u00e9 non inserire una proposta del genere, relativa alla chiesa di San Domenico, in un programma elettorale quale \u00e8 quello del Movimento 5 stelle Aversano, alla luce del fatto che tale entit\u00e0 si apre alle proposte della cittadinanza attraverso le sue piattaforme su internet ? E principalmente tenendo conto che proprio il Movimento 5 stelle ha lanciato il progetto Restart Campania per recuperare Fondi Europei per il restauro di beni architettonici campani ? Se la chiesa di San Domenico si inserisce in un progetto unitario di recupero della struttura e di utilit\u00e0 della stessa per un utilizzo atto a valorizzare il patrimonio musicale della citt\u00e0, credo che qualche speranza di poterla vedere finalmente aperta la avremo. E la sentiremo finalmente un luogo degli aversani tutti ! Iniziamo a pensare in grande, per una grande citt\u00e0!!!&#8221;.\u00a0<span style=\"text-decoration: underline;\"><strong>Carmine Monaco.<\/strong><\/span><br \/>\nn.b.: (la proposta \u00e8 stata inserita nella piattaforma <a href=\"http:\/\/www.ilprogettoperaversa.tk\/\">www.ilprogettoperaversa.tk<\/a> onde consentire a tutti di commentare ed esprimere la propria opinione in merito).<\/p>\n","protected":false},"excerpt":{"rendered":"<p>6 Novembre 2015 &#8211; Aversa.\u00a0Riceviamo e pubblichiamo dal Movimento 5 Stelle di Aversa: &#8220;Credo che progettare il futuro<\/p>\n","protected":false},"author":2,"featured_media":0,"comment_status":"open","ping_status":"open","sticky":false,"template":"","format":"standard","meta":{"sfsi_plus_gutenberg_text_before_share":"","sfsi_plus_gutenberg_show_text_before_share":"","sfsi_plus_gutenberg_icon_type":"","sfsi_plus_gutenberg_icon_alignemt":"","sfsi_plus_gutenburg_max_per_row":"","footnotes":""},"categories":[9],"tags":[300,4031,818,195,3928],"class_list":["post-3008","post","type-post","status-publish","format-standard","hentry","category-politica","tag-aversa","tag-meet-up-5-stelle","tag-movimento-5-stelle","tag-politica-2","tag-progetto"],"_links":{"self":[{"href":"https:\/\/www.thereportzone.it\/index.php?rest_route=\/wp\/v2\/posts\/3008"}],"collection":[{"href":"https:\/\/www.thereportzone.it\/index.php?rest_route=\/wp\/v2\/posts"}],"about":[{"href":"https:\/\/www.thereportzone.it\/index.php?rest_route=\/wp\/v2\/types\/post"}],"author":[{"embeddable":true,"href":"https:\/\/www.thereportzone.it\/index.php?rest_route=\/wp\/v2\/users\/2"}],"replies":[{"embeddable":true,"href":"https:\/\/www.thereportzone.it\/index.php?rest_route=%2Fwp%2Fv2%2Fcomments&post=3008"}],"version-history":[{"count":0,"href":"https:\/\/www.thereportzone.it\/index.php?rest_route=\/wp\/v2\/posts\/3008\/revisions"}],"wp:attachment":[{"href":"https:\/\/www.thereportzone.it\/index.php?rest_route=%2Fwp%2Fv2%2Fmedia&parent=3008"}],"wp:term":[{"taxonomy":"category","embeddable":true,"href":"https:\/\/www.thereportzone.it\/index.php?rest_route=%2Fwp%2Fv2%2Fcategories&post=3008"},{"taxonomy":"post_tag","embeddable":true,"href":"https:\/\/www.thereportzone.it\/index.php?rest_route=%2Fwp%2Fv2%2Ftags&post=3008"}],"curies":[{"name":"wp","href":"https:\/\/api.w.org\/{rel}","templated":true}]}}