{"id":30016,"date":"2021-06-03T14:20:34","date_gmt":"2021-06-03T12:20:34","guid":{"rendered":"https:\/\/www.thereportzone.it\/?p=30016"},"modified":"2021-06-03T14:20:34","modified_gmt":"2021-06-03T12:20:34","slug":"falciano-proiezione-verso-il-futuro-consegnate-e-bike-e-colonnina-ricarica-auto-elettrica","status":"publish","type":"post","link":"https:\/\/www.thereportzone.it\/?p=30016","title":{"rendered":"FALCIANO &#8211; Il futuro \u00e8 qui: consegnate e-bike e colonnina ricarica auto elettrica"},"content":{"rendered":"<p>&nbsp;<br \/>\n<a href=\"https:\/\/www.thereportzone.it\/comuni\/falciano\/falciano-proiezione-verso-il-futuro-consegnate-e-bike-e-colonnina-ricarica-auto-elettrica\/attachment\/f04f7f93-f221-4fe6-9020-747825c24231\/\" rel=\"attachment wp-att-30017\"><img fetchpriority=\"high\" decoding=\"async\" class=\"aligncenter size-full wp-image-30017\" src=\"https:\/\/www.thereportzone.it\/wp-content\/uploads\/2021\/06\/F04F7F93-F221-4FE6-9020-747825C24231.jpeg\" alt=\"\" width=\"1168\" height=\"1280\" \/><\/a><br \/>\n<b>FALCIANO<\/b>. Un\u2019iniziativa che proietta Falciano del Massico nel futuro. Dieci biciclette a pedalata assistita ed una colonnina ricarica auto elettrica sono state consegnate al Comune a costo zero. Un grande progetto ecosostenibile e volto ad un futuro comune al mondo intero. Di seguito l\u2019annuncio del sindaco Ing. Giovanni Erasmo Fava: \u00a0\u201c<b>10<\/b> \ud835\ude3d\ud835\ude44\ud835\ude3e\ud835\ude44 \ud835\ude3c \ud835\ude4b\ud835\ude40\ud835\ude3f\ud835\ude3c\ud835\ude47\ud835\ude3c\ud835\ude4f\ud835\ude3c \ud835\ude3c\ud835\ude4e\ud835\ude4e\ud835\ude44\ud835\ude4e\ud835\ude4f\ud835\ude44\ud835\ude4f\ud835\ude3c (\ud835\ude5a-\ud835\ude3d\ud835\ude5e\ud835\ude60\ud835\ude5a) \ud835\ude5a \ud835\ude3e\ud835\ude4a\ud835\ude47\ud835\ude4a\ud835\ude49\ud835\ude49\ud835\ude44\ud835\ude49\ud835\ude3c \ud835\ude4d\ud835\ude44\ud835\ude3e\ud835\ude3c\ud835\ude4d\ud835\ude44\ud835\ude3e\ud835\ude3c \ud835\ude3c\ud835\ude50\ud835\ude4f\ud835\ude4a \ud835\ude40\ud835\ude47\ud835\ude40\ud835\ude4f\ud835\ude4f\ud835\ude4d\ud835\ude44\ud835\ude3eA<br \/>\nUn\u2019altra grande novit\u00e0 per la nostra comunit\u00e0:<br \/>\nsono state appena consegnate al Comune di Falciano del Massico, a #COSTOZERO, \ud835\udfcf\ud835\udfce \ud835\ude3d\ud835\ude44\ud835\ude3e\ud835\ude44 \ud835\ude3c \ud835\ude4b\ud835\ude40\ud835\ude3f\ud835\ude3c\ud835\ude47\ud835\ude3c\ud835\ude4f\ud835\ude3c \ud835\ude3c\ud835\ude4e\ud835\ude4e\ud835\ude44\ud835\ude4e\ud835\ude4f\ud835\ude44\ud835\ude4f\ud835\ude3c (\ud835\ude5a-\ud835\ude3d\ud835\ude5e\ud835\ude60\ud835\ude5a) \ud835\ude5a \ud835\udfcf \ud835\ude3e\ud835\ude4a\ud835\ude47\ud835\ude4a\ud835\ude49\ud835\ude49\ud835\ude44\ud835\ude49\ud835\ude3c \ud835\ude4d\ud835\ude44\ud835\ude3e\ud835\ude3c\ud835\ude4d\ud835\ude44\ud835\ude3e\ud835\ude3c \ud835\ude3c\ud835\ude50\ud835\ude4f\ud835\ude4a \ud835\ude40\ud835\ude47\ud835\ude40\ud835\ude4f\ud835\ude4f\ud835\ude4d\ud835\ude44\ud835\ude3e\ud835\ude3c a disposizione dei cittadini e dei turisti.<br \/>\nUn\u2019ulteriore azione dell\u2019Amministrazione Comunale volta ad incentivare l\u2019eco sostenibilit\u00e0 e che dar\u00e0 la possibilit\u00e0 a tanti cittadini di poter visitare con facilit\u00e0 le nostre bellezze storiche ed ambientali.<br \/>\nCon ulteriore avviso informeremo la cittadinanza sulle modalit\u00e0 per poter noleggiare tali #ebike<br \/>\nLa colonnina per la ricarica delle auto elettriche sar\u00e0 invece installata nel parcheggio di Piazza Limata. Continuiamo a lavorare per il Bene Comune.<\/p>\n","protected":false},"excerpt":{"rendered":"<p>&nbsp; FALCIANO. Un\u2019iniziativa che proietta Falciano del Massico nel futuro. Dieci biciclette a pedalata assistita ed una colonnina<\/p>\n","protected":false},"author":2,"featured_media":30017,"comment_status":"closed","ping_status":"closed","sticky":false,"template":"","format":"standard","meta":{"sfsi_plus_gutenberg_text_before_share":"","sfsi_plus_gutenberg_show_text_before_share":"","sfsi_plus_gutenberg_icon_type":"","sfsi_plus_gutenberg_icon_alignemt":"","sfsi_plus_gutenburg_max_per_row":"","footnotes":""},"categories":[4],"tags":[],"class_list":["post-30016","post","type-post","status-publish","format-standard","has-post-thumbnail","hentry","category-falciano"],"_links":{"self":[{"href":"https:\/\/www.thereportzone.it\/index.php?rest_route=\/wp\/v2\/posts\/30016"}],"collection":[{"href":"https:\/\/www.thereportzone.it\/index.php?rest_route=\/wp\/v2\/posts"}],"about":[{"href":"https:\/\/www.thereportzone.it\/index.php?rest_route=\/wp\/v2\/types\/post"}],"author":[{"embeddable":true,"href":"https:\/\/www.thereportzone.it\/index.php?rest_route=\/wp\/v2\/users\/2"}],"replies":[{"embeddable":true,"href":"https:\/\/www.thereportzone.it\/index.php?rest_route=%2Fwp%2Fv2%2Fcomments&post=30016"}],"version-history":[{"count":0,"href":"https:\/\/www.thereportzone.it\/index.php?rest_route=\/wp\/v2\/posts\/30016\/revisions"}],"wp:featuredmedia":[{"embeddable":true,"href":"https:\/\/www.thereportzone.it\/index.php?rest_route=\/"}],"wp:attachment":[{"href":"https:\/\/www.thereportzone.it\/index.php?rest_route=%2Fwp%2Fv2%2Fmedia&parent=30016"}],"wp:term":[{"taxonomy":"category","embeddable":true,"href":"https:\/\/www.thereportzone.it\/index.php?rest_route=%2Fwp%2Fv2%2Fcategories&post=30016"},{"taxonomy":"post_tag","embeddable":true,"href":"https:\/\/www.thereportzone.it\/index.php?rest_route=%2Fwp%2Fv2%2Ftags&post=30016"}],"curies":[{"name":"wp","href":"https:\/\/api.w.org\/{rel}","templated":true}]}}