{"id":2998,"date":"2015-11-06T11:22:20","date_gmt":"2015-11-06T11:22:20","guid":{"rendered":"http:\/\/www.thereportzone.it\/?p=2998"},"modified":"2015-11-06T11:22:20","modified_gmt":"2015-11-06T11:22:20","slug":"2998","status":"publish","type":"post","link":"https:\/\/www.thereportzone.it\/?p=2998","title":{"rendered":"Raccolta differenziata, caos e disordine a Falciano del Massico"},"content":{"rendered":"<p>&nbsp;<br \/>\n<br \/>\n<strong>6 Novembre 2015 &#8211; Falciano del Massico.<\/strong> Raccolta differenziata, si contano i disagi in paese.\u00a0I cittadini falcianesi, dopo aver ricevuto l&#8217;avviso di cambiamento del calendario e delle metodologie della differenziata, stanno vivendo alcuni disagi. In primo\u00a0luogo pare che, ieri mattina,\u00a0la raccolta della plastica non \u00e8 avvenuta. Pare che il camion per la raccolta era gi\u00e0 pieno e non ha potuto effettuare il giro del gioved\u00ec mattina. Molti cittadini, dunque, hanno dovuto riporre in casa i sacchi gialli pieni di plastica. In secondo luogo pare che non siano ancora disponibili le biopattumiere marroni (quelle che vedete nella foto). Se con la vecchia metodologia di raccolta l&#8217;umido andava depositato\u00a0nelle biopattumiere verdi, adesso si necessitano quelle marroni. Non sono ancora disponibili e questo \u00e8 strano almeno per due motivi. Primo: come si far\u00e0 a smaltire l&#8217;umido due volte a settimana senza gli appositi contenitori? Secondo: Che ci fanno tutte quelle biopattumiere marroni accantonate (come si vede nella foto) nel retro della casa comunale? Mancherebbero, poi, anche i sacchi azzurri per la raccolta del cartone. I cittadini si chiedono perch\u00e9 l&#8217;amministrazione si \u00e8 affrettata a cambiare il registro della raccolta differenziata se ancora non si avevano i mezzi utili. Altra polemica, infine, sulla gestione della raccolta e lo smaltimento dei farmaci scaduti. Chi paga questo servizio? Le farmacie e gli studi medici della citt\u00e0? Tante domande alle quali, purtroppo, i cittadini non sanno a chi chiedere risposta.<\/p>\n<p style=\"text-align: right;\"><strong>Giuseppe Nicodemo<\/strong><\/p>\n","protected":false},"excerpt":{"rendered":"<p>&nbsp; 6 Novembre 2015 &#8211; Falciano del Massico. Raccolta differenziata, si contano i disagi in paese.\u00a0I cittadini falcianesi,<\/p>\n","protected":false},"author":2,"featured_media":2999,"comment_status":"closed","ping_status":"open","sticky":false,"template":"","format":"standard","meta":{"sfsi_plus_gutenberg_text_before_share":"","sfsi_plus_gutenberg_show_text_before_share":"","sfsi_plus_gutenberg_icon_type":"","sfsi_plus_gutenberg_icon_alignemt":"","sfsi_plus_gutenburg_max_per_row":"","footnotes":""},"categories":[37,9],"tags":[4030,3518,991,550],"class_list":["post-2998","post","type-post","status-publish","format-standard","has-post-thumbnail","hentry","category-notizie-locali","category-politica","tag-caos-rifiuti","tag-falciano","tag-raccolta-differenziata","tag-terra-dei-fuochi"],"_links":{"self":[{"href":"https:\/\/www.thereportzone.it\/index.php?rest_route=\/wp\/v2\/posts\/2998"}],"collection":[{"href":"https:\/\/www.thereportzone.it\/index.php?rest_route=\/wp\/v2\/posts"}],"about":[{"href":"https:\/\/www.thereportzone.it\/index.php?rest_route=\/wp\/v2\/types\/post"}],"author":[{"embeddable":true,"href":"https:\/\/www.thereportzone.it\/index.php?rest_route=\/wp\/v2\/users\/2"}],"replies":[{"embeddable":true,"href":"https:\/\/www.thereportzone.it\/index.php?rest_route=%2Fwp%2Fv2%2Fcomments&post=2998"}],"version-history":[{"count":0,"href":"https:\/\/www.thereportzone.it\/index.php?rest_route=\/wp\/v2\/posts\/2998\/revisions"}],"wp:featuredmedia":[{"embeddable":true,"href":"https:\/\/www.thereportzone.it\/index.php?rest_route=\/"}],"wp:attachment":[{"href":"https:\/\/www.thereportzone.it\/index.php?rest_route=%2Fwp%2Fv2%2Fmedia&parent=2998"}],"wp:term":[{"taxonomy":"category","embeddable":true,"href":"https:\/\/www.thereportzone.it\/index.php?rest_route=%2Fwp%2Fv2%2Fcategories&post=2998"},{"taxonomy":"post_tag","embeddable":true,"href":"https:\/\/www.thereportzone.it\/index.php?rest_route=%2Fwp%2Fv2%2Ftags&post=2998"}],"curies":[{"name":"wp","href":"https:\/\/api.w.org\/{rel}","templated":true}]}}