{"id":29920,"date":"2021-05-31T09:45:38","date_gmt":"2021-05-31T07:45:38","guid":{"rendered":"https:\/\/www.thereportzone.it\/?p=29920"},"modified":"2021-05-31T09:45:38","modified_gmt":"2021-05-31T07:45:38","slug":"falciano-del-massico-dopo-le-primarie-patto-per-falciano-pensa-ai-prossimi-passi-per-proiettarsi-alle-elezioni-del-2022","status":"publish","type":"post","link":"https:\/\/www.thereportzone.it\/?p=29920","title":{"rendered":"FALCIANO &#8211; Dopo le primarie \u201cPatto per Falciano\u201d pensa ai prossimi passi per proiettarsi alle elezioni del 2022"},"content":{"rendered":"<p>&nbsp;<br \/>\n<b>FALCIANO<\/b>. \u00a0(comunicato stampa) \u2013 Riceviamo e pubblichiamo il comunicato inviato dall\u2019entourage del gruppo civico \u201cPatto per Falciano\u201d\u00a0 &#8211; \u201cRingraziamo tutti coloro che hanno contribuito a questo straordinario risultato del raggruppamento PATTO PER FALCIANO: ben 936 cittadini hanno infatti espresso la loro indicazione per l&#8217;individuazione del prossimo candidato sindaco dando cos\u00ec un inequivoco segnale di fiducia verso questo nuovo progetto civico. Con 704 voti Ugo Zannini \u00e8 risultato il pi\u00f9 votato: numeri importanti che per\u00f2 sono solo il primo passo verso un cammino che condurr\u00e0 Falciano ad una nuova stagione di buona amministrazione e rispetto reciproco\u201d.<\/p>\n","protected":false},"excerpt":{"rendered":"<p>&nbsp; FALCIANO. \u00a0(comunicato stampa) \u2013 Riceviamo e pubblichiamo il comunicato inviato dall\u2019entourage del gruppo civico \u201cPatto per Falciano\u201d\u00a0<\/p>\n","protected":false},"author":2,"featured_media":29823,"comment_status":"closed","ping_status":"closed","sticky":false,"template":"","format":"standard","meta":{"sfsi_plus_gutenberg_text_before_share":"","sfsi_plus_gutenberg_show_text_before_share":"","sfsi_plus_gutenberg_icon_type":"","sfsi_plus_gutenberg_icon_alignemt":"","sfsi_plus_gutenburg_max_per_row":"","footnotes":""},"categories":[4,9],"tags":[],"class_list":["post-29920","post","type-post","status-publish","format-standard","has-post-thumbnail","hentry","category-falciano","category-politica"],"_links":{"self":[{"href":"https:\/\/www.thereportzone.it\/index.php?rest_route=\/wp\/v2\/posts\/29920"}],"collection":[{"href":"https:\/\/www.thereportzone.it\/index.php?rest_route=\/wp\/v2\/posts"}],"about":[{"href":"https:\/\/www.thereportzone.it\/index.php?rest_route=\/wp\/v2\/types\/post"}],"author":[{"embeddable":true,"href":"https:\/\/www.thereportzone.it\/index.php?rest_route=\/wp\/v2\/users\/2"}],"replies":[{"embeddable":true,"href":"https:\/\/www.thereportzone.it\/index.php?rest_route=%2Fwp%2Fv2%2Fcomments&post=29920"}],"version-history":[{"count":0,"href":"https:\/\/www.thereportzone.it\/index.php?rest_route=\/wp\/v2\/posts\/29920\/revisions"}],"wp:featuredmedia":[{"embeddable":true,"href":"https:\/\/www.thereportzone.it\/index.php?rest_route=\/"}],"wp:attachment":[{"href":"https:\/\/www.thereportzone.it\/index.php?rest_route=%2Fwp%2Fv2%2Fmedia&parent=29920"}],"wp:term":[{"taxonomy":"category","embeddable":true,"href":"https:\/\/www.thereportzone.it\/index.php?rest_route=%2Fwp%2Fv2%2Fcategories&post=29920"},{"taxonomy":"post_tag","embeddable":true,"href":"https:\/\/www.thereportzone.it\/index.php?rest_route=%2Fwp%2Fv2%2Ftags&post=29920"}],"curies":[{"name":"wp","href":"https:\/\/api.w.org\/{rel}","templated":true}]}}