{"id":29805,"date":"2021-05-21T18:40:09","date_gmt":"2021-05-21T16:40:09","guid":{"rendered":"https:\/\/www.thereportzone.it\/?p=29805"},"modified":"2021-05-21T18:40:09","modified_gmt":"2021-05-21T16:40:09","slug":"carinola-verso-il-voto-per-eleggere-il-sindaco-tanti-dubbi-e-poche-certezze-sui-candidati-che-scenderanno-in-campo","status":"publish","type":"post","link":"https:\/\/www.thereportzone.it\/?p=29805","title":{"rendered":"CARINOLA  Verso il voto per eleggere il sindaco: tanti dubbi e poche certezze sui candidati che scenderanno in campo"},"content":{"rendered":"<p>&nbsp;<br \/>\nCARINOLA (di <strong><em>Joe Capua<\/em><\/strong>) \u2013 Tanti dubbi e poche certezze, quelle che affiorano in questi giorni che porteranno alla scelta dei candidati\u00a0 a sindaco ed a consigliere comunale. Mancano ancora troppe settimane alla presentazione delle liste che vanno redatte un mese prima della data in cui si andr\u00e0 alle urne. In effetti manca anche la data esatta, visto che il decreto inerente tale decisione non l\u2019ha ancora stabilita. Quello che si sa \u00e8 che alle urne si dovr\u00e0 andare tra il 15 settembre ed il 15 ottobre 2021. Tutti per\u00f2 parlano del 3-4 ottobre. Premesso ci\u00f2, fare il punto della situazione su quanto si sta muovendo a livello politico \u00e8 davvero complicato. Un punto fermo sembra essere l\u2019alleanza consolidata ed a pi\u00f9 riprese ribadita dagli stessi protagonisti \u00a0del gruppo sostenitore di Giuseppina Di Biasio e quello dello zio di quest\u2019ultima Franco Di Biasio. Ed entro fine mese ci sar\u00e0 in via ufficiale la scelta del candidato sindaco dopo aver ritenuto opportuno condividere un programma elettorale ben definito. Tutto in itinere dal fronte opposto. Nulla risulta infatti ancora dal dialogo in essere tra i 5 Stelle guidati da Renato Luigi De Spirito ed il gruppo \u201cCarinola in Azione\u201d di cui \u00e8 referente Giannantonio Anfora. Discorso simile per l\u2019area vicina al centro destra che vede protagonisti gli esponenti di Fratelli D\u2019Italia che vede in primo piano il lavoro svolto dal coordinatore Fabio Monfreda con Salvatore Giacca incaricato di provare a trovare intese con i vari gruppi in campo. Si attendono lumi dal fronte legato all\u2019ex sindaco Antonio Russo.<\/p>\n","protected":false},"excerpt":{"rendered":"<p>&nbsp; CARINOLA (di Joe Capua) \u2013 Tanti dubbi e poche certezze, quelle che affiorano in questi giorni che<\/p>\n","protected":false},"author":2,"featured_media":28348,"comment_status":"closed","ping_status":"closed","sticky":false,"template":"","format":"standard","meta":{"sfsi_plus_gutenberg_text_before_share":"","sfsi_plus_gutenberg_show_text_before_share":"","sfsi_plus_gutenberg_icon_type":"","sfsi_plus_gutenberg_icon_alignemt":"","sfsi_plus_gutenburg_max_per_row":"","footnotes":""},"categories":[2973,9],"tags":[],"class_list":["post-29805","post","type-post","status-publish","format-standard","has-post-thumbnail","hentry","category-carinola","category-politica"],"_links":{"self":[{"href":"https:\/\/www.thereportzone.it\/index.php?rest_route=\/wp\/v2\/posts\/29805"}],"collection":[{"href":"https:\/\/www.thereportzone.it\/index.php?rest_route=\/wp\/v2\/posts"}],"about":[{"href":"https:\/\/www.thereportzone.it\/index.php?rest_route=\/wp\/v2\/types\/post"}],"author":[{"embeddable":true,"href":"https:\/\/www.thereportzone.it\/index.php?rest_route=\/wp\/v2\/users\/2"}],"replies":[{"embeddable":true,"href":"https:\/\/www.thereportzone.it\/index.php?rest_route=%2Fwp%2Fv2%2Fcomments&post=29805"}],"version-history":[{"count":0,"href":"https:\/\/www.thereportzone.it\/index.php?rest_route=\/wp\/v2\/posts\/29805\/revisions"}],"wp:featuredmedia":[{"embeddable":true,"href":"https:\/\/www.thereportzone.it\/index.php?rest_route=\/"}],"wp:attachment":[{"href":"https:\/\/www.thereportzone.it\/index.php?rest_route=%2Fwp%2Fv2%2Fmedia&parent=29805"}],"wp:term":[{"taxonomy":"category","embeddable":true,"href":"https:\/\/www.thereportzone.it\/index.php?rest_route=%2Fwp%2Fv2%2Fcategories&post=29805"},{"taxonomy":"post_tag","embeddable":true,"href":"https:\/\/www.thereportzone.it\/index.php?rest_route=%2Fwp%2Fv2%2Ftags&post=29805"}],"curies":[{"name":"wp","href":"https:\/\/api.w.org\/{rel}","templated":true}]}}