{"id":29770,"date":"2021-05-19T09:04:27","date_gmt":"2021-05-19T07:04:27","guid":{"rendered":"https:\/\/www.thereportzone.it\/?p=29770"},"modified":"2021-05-19T09:04:27","modified_gmt":"2021-05-19T07:04:27","slug":"carinola-carenza-di-organico-per-il-settore-della-polizia-municipale-a-giugno-rimane-in-servizio-solo-il-luogotenente-corrado-passaretti","status":"publish","type":"post","link":"https:\/\/www.thereportzone.it\/?p=29770","title":{"rendered":"CARINOLA  Carenza di organico per il settore della Polizia Municipale: a Giugno rimane in servizio solo il luogotenente Corrado Passaretti"},"content":{"rendered":"<p>&nbsp;<br \/>\n<strong><br \/>\nCARINOLA \u00a0<\/strong>(di <strong><em>Joe Capua<\/em><\/strong>) \u2013 \u00a0Sulla questione legata alla carenza di organico all\u2019interno dell\u2019ente comunale abbiamo dibattuto a pi\u00f9 riprese. \u00c8 stato rimarcato come sono stati messi in essere gli atti preposti alla mobilit\u00e0 esterna. A breve potremmo sapere chi andr\u00e0 a rafforzare il settore della Polizia Municipale. Infatti a partire dal primo giugno rimarr\u00e0 in servizio solo il luogotenente Corrado Passaretti. Andranno in pensione contemporaneamente Nicola Di Biasio e Giuseppe Longobardo.<br \/>\nLa vastit\u00e0 territoriale del comune di Carinola pone l\u2019obbligo di dover rafforzare di altre unit\u00e0 l\u2019organico dell\u2019area di vigilanza. Ed in attesa che ci\u00f2 avvenga l\u2019attuale comandante Nicola Di Biasio rimarr\u00e0 virtualmente al fianco del suo collega per attendere l\u2019arrivo di altre unit\u00e0. Le assunzioni previste sono tre. Fino al 30 giugno ci sar\u00e0 anche il supporto part-time del comandante dei vigili di Sparanise Giovanni Fusco, chiamato dal commissario prefettizio Stella Fracassi proprio in virt\u00f9 del vuoto di organico. E visto che il voto amministrativo \u00e8 stato rinviato ad ottobre, Fusco potrebbe rimanere qualche settimana in pi\u00f9.<\/p>\n","protected":false},"excerpt":{"rendered":"<p>&nbsp; CARINOLA \u00a0(di Joe Capua) \u2013 \u00a0Sulla questione legata alla carenza di organico all\u2019interno dell\u2019ente comunale abbiamo dibattuto<\/p>\n","protected":false},"author":2,"featured_media":29771,"comment_status":"closed","ping_status":"closed","sticky":false,"template":"","format":"standard","meta":{"sfsi_plus_gutenberg_text_before_share":"","sfsi_plus_gutenberg_show_text_before_share":"","sfsi_plus_gutenberg_icon_type":"","sfsi_plus_gutenberg_icon_alignemt":"","sfsi_plus_gutenburg_max_per_row":"","footnotes":""},"categories":[2973],"tags":[],"class_list":["post-29770","post","type-post","status-publish","format-standard","has-post-thumbnail","hentry","category-carinola"],"_links":{"self":[{"href":"https:\/\/www.thereportzone.it\/index.php?rest_route=\/wp\/v2\/posts\/29770"}],"collection":[{"href":"https:\/\/www.thereportzone.it\/index.php?rest_route=\/wp\/v2\/posts"}],"about":[{"href":"https:\/\/www.thereportzone.it\/index.php?rest_route=\/wp\/v2\/types\/post"}],"author":[{"embeddable":true,"href":"https:\/\/www.thereportzone.it\/index.php?rest_route=\/wp\/v2\/users\/2"}],"replies":[{"embeddable":true,"href":"https:\/\/www.thereportzone.it\/index.php?rest_route=%2Fwp%2Fv2%2Fcomments&post=29770"}],"version-history":[{"count":0,"href":"https:\/\/www.thereportzone.it\/index.php?rest_route=\/wp\/v2\/posts\/29770\/revisions"}],"wp:featuredmedia":[{"embeddable":true,"href":"https:\/\/www.thereportzone.it\/index.php?rest_route=\/"}],"wp:attachment":[{"href":"https:\/\/www.thereportzone.it\/index.php?rest_route=%2Fwp%2Fv2%2Fmedia&parent=29770"}],"wp:term":[{"taxonomy":"category","embeddable":true,"href":"https:\/\/www.thereportzone.it\/index.php?rest_route=%2Fwp%2Fv2%2Fcategories&post=29770"},{"taxonomy":"post_tag","embeddable":true,"href":"https:\/\/www.thereportzone.it\/index.php?rest_route=%2Fwp%2Fv2%2Ftags&post=29770"}],"curies":[{"name":"wp","href":"https:\/\/api.w.org\/{rel}","templated":true}]}}