{"id":29704,"date":"2021-05-15T09:28:59","date_gmt":"2021-05-15T07:28:59","guid":{"rendered":"https:\/\/www.thereportzone.it\/?p=29704"},"modified":"2021-05-15T09:28:59","modified_gmt":"2021-05-15T07:28:59","slug":"carinola-verso-il-voto-di-ottobre-tante-incertezze-sulle-alleanze-ferme-al-palo-le-riunioni-pre-elettorali","status":"publish","type":"post","link":"https:\/\/www.thereportzone.it\/?p=29704","title":{"rendered":"CARINOLA &#8211; Verso il voto di  ottobre, tante incertezze sulle alleanze: ferme al palo le riunioni pre-elettorali"},"content":{"rendered":"<p>&nbsp;<br \/>\n<strong><br \/>\nCARINOLA \u00a0<\/strong>(di <strong><em>Joe Capua<\/em><\/strong>) \u2013 \u00a0Tutto fermo o quasi per quello che riguarda le papabili alleanze in vista del voto delle elezioni amministrative che si svolgeranno presumibilmente tra fine settembre ed inizio ottobre.<br \/>\nIn effetti il decreto sulla data ancora non c\u2019\u00e8. Ed forse anche per questa ragione che non vengono ancora ufficializzati i possibili candidati sindaco e i relativi consiglieri. In effetti a bloccare tutto \u00e8 anche il covid che limita di molto gli incontri dal vivo. Si sta aspettando da qualche settimana che l\u2019avvocatessa Giuseppina Di Biasio possa essere ufficialmente la candidata a sindaco di una coalizione civica che vede al suo interno forze politiche come il PD ed esponenti della societ\u00e0 civile, cos\u00ec come a sostenere la Di Biasio ci sar\u00e0 anche il gruppo \u201cCarinola Rinasce\u201d che \u00e8 rappresentato dallo Zio di Giusy, ovvero Franco Di Biasio.<br \/>\nDa quest\u2019ultimo dovr\u00e0 arrivare l\u2019ultima parola per il via libera alla nipote. In stand-by ci sono anche i gruppi che dovrebbero essere contrapposti alla coalizione Di Biasio. Trattative sempre in corso tra i 5 Stelle e Carinola in Azione. Stesso discorso per Fratelli D\u2019Italia che attenendosi al discorso di rimanere in orbita del centro destra dovrebbe sostenere la ricandidatura di Antonio Russo o in alternativa quella di Rosa Di Maio. Ma come detto niente ancora \u00e8 stato deciso.<\/p>\n","protected":false},"excerpt":{"rendered":"<p>&nbsp; CARINOLA \u00a0(di Joe Capua) \u2013 \u00a0Tutto fermo o quasi per quello che riguarda le papabili alleanze in<\/p>\n","protected":false},"author":2,"featured_media":28565,"comment_status":"closed","ping_status":"closed","sticky":false,"template":"","format":"standard","meta":{"sfsi_plus_gutenberg_text_before_share":"","sfsi_plus_gutenberg_show_text_before_share":"","sfsi_plus_gutenberg_icon_type":"","sfsi_plus_gutenberg_icon_alignemt":"","sfsi_plus_gutenburg_max_per_row":"","footnotes":""},"categories":[2973,9],"tags":[],"class_list":["post-29704","post","type-post","status-publish","format-standard","has-post-thumbnail","hentry","category-carinola","category-politica"],"_links":{"self":[{"href":"https:\/\/www.thereportzone.it\/index.php?rest_route=\/wp\/v2\/posts\/29704"}],"collection":[{"href":"https:\/\/www.thereportzone.it\/index.php?rest_route=\/wp\/v2\/posts"}],"about":[{"href":"https:\/\/www.thereportzone.it\/index.php?rest_route=\/wp\/v2\/types\/post"}],"author":[{"embeddable":true,"href":"https:\/\/www.thereportzone.it\/index.php?rest_route=\/wp\/v2\/users\/2"}],"replies":[{"embeddable":true,"href":"https:\/\/www.thereportzone.it\/index.php?rest_route=%2Fwp%2Fv2%2Fcomments&post=29704"}],"version-history":[{"count":0,"href":"https:\/\/www.thereportzone.it\/index.php?rest_route=\/wp\/v2\/posts\/29704\/revisions"}],"wp:featuredmedia":[{"embeddable":true,"href":"https:\/\/www.thereportzone.it\/index.php?rest_route=\/"}],"wp:attachment":[{"href":"https:\/\/www.thereportzone.it\/index.php?rest_route=%2Fwp%2Fv2%2Fmedia&parent=29704"}],"wp:term":[{"taxonomy":"category","embeddable":true,"href":"https:\/\/www.thereportzone.it\/index.php?rest_route=%2Fwp%2Fv2%2Fcategories&post=29704"},{"taxonomy":"post_tag","embeddable":true,"href":"https:\/\/www.thereportzone.it\/index.php?rest_route=%2Fwp%2Fv2%2Ftags&post=29704"}],"curies":[{"name":"wp","href":"https:\/\/api.w.org\/{rel}","templated":true}]}}