{"id":29667,"date":"2021-05-12T17:28:18","date_gmt":"2021-05-12T15:28:18","guid":{"rendered":"https:\/\/www.thereportzone.it\/?p=29667"},"modified":"2021-05-12T17:28:18","modified_gmt":"2021-05-12T15:28:18","slug":"lotta-allabbattimento-dei-capi-bufali-no-oliviero-convoca-i-sindaci-falciano-presente","status":"publish","type":"post","link":"https:\/\/www.thereportzone.it\/?p=29667","title":{"rendered":"Lotta all\u2019abbattimento dei capi bufalini, Oliviero convoca i sindaci: Falciano presente"},"content":{"rendered":"<p><a href=\"https:\/\/www.thereportzone.it\/wp-content\/uploads\/2021\/05\/5F340351-5620-497F-9957-A540ECF71DE2.jpeg\"><img fetchpriority=\"high\" decoding=\"async\" class=\"aligncenter size-full wp-image-29670\" src=\"https:\/\/www.thereportzone.it\/wp-content\/uploads\/2021\/05\/5F340351-5620-497F-9957-A540ECF71DE2.jpeg\" alt=\"\" width=\"1024\" height=\"768\" \/><\/a><br \/>\n&nbsp;<br \/>\n<b><a href=\"https:\/\/www.thereportzone.it\/wp-content\/uploads\/2021\/05\/ABF9C0A5-3713-44EA-8076-9686F4B550BA.jpeg\"><img decoding=\"async\" class=\"aligncenter size-full wp-image-29668\" src=\"https:\/\/www.thereportzone.it\/wp-content\/uploads\/2021\/05\/ABF9C0A5-3713-44EA-8076-9686F4B550BA.jpeg\" alt=\"\" width=\"1024\" height=\"768\" \/><\/a><br \/>\nPOLITICA<\/b>. Continua la battaglia dell\u2019amministrazione di Falciano del Massico tutta incentrata sul contrasto agli abbattimenti dei capi bufalini. Sono anni che il sindaco Ing. Giovanni Erasmo Fava e la sua squadra, si sono schierati dalla parte di chi vuole cercare una soluzione al problema brucellosi, evitando gli abbattimenti del bestiame.<br \/>\nCos\u00ec, dopo numerosi incontri Provinciali e Regionali nei mesi scorsi, e dopo tanti atti amministrativi e legali prodotti in merito, anche stamattina il Sindaco e gli amministratori della squadra Falciano Bene Comune erano presenti al tavolo regionale di discussione per la tutela del comparto bufalino indetto dal Presidente Gennaro Oliviero.<br \/>\nDi seguito la nota stampa ufficiale proprio di Oliviero: \u201c<span class=\"s11\"><span class=\"bumpedFont15\">Oliviero riunisce i sindaci dell\u2019area afferente al comparto bufalino per discutere della tutela del settore.\u00a0<\/span><\/span><span class=\"s13\"><span class=\"bumpedFont15\">Il presidente del consiglio regionale, <\/span><\/span><span class=\"s11\"><span class=\"bumpedFont15\">Gennaro Oliviero<\/span><\/span><span class=\"s13\"><span class=\"bumpedFont15\">, ha tenuto questa mattina un tavolo di discussione per la salvaguardia e la tutela del comparto bufalino. Erano presenti i sindaci e i rappresentanti dei comuni di: Casal di Principe, Casapesenna, Falciano del Massico, Pastorano, Vitulazio, Aversa, Graz<\/span><\/span><span class=\"s13\"><span class=\"bumpedFont15\">z<\/span><\/span><span class=\"s13\"><span class=\"bumpedFont15\">anise, San Marcellino, Santa Maria la Fossa, Raviscanina. Presente anche la provincia di Caserta e l\u2019Anci Campania.<\/span><\/span><br \/>\n<span class=\"s13\"><span class=\"bumpedFont15\">La seduta<\/span><\/span><span class=\"s13\"><span class=\"bumpedFont15\">, dopo i saluti del Presidente Oliviero,<\/span><\/span><span class=\"s13\"><span class=\"bumpedFont15\"> \u00e8 stata aperta dal sindaco di Casal di Principe, Renato Natale, che ha fortemente voluto l\u2019incontro istituzionale. <\/span><\/span><br \/>\n<span class=\"s13\"><span class=\"bumpedFont15\">Quest\u2019ultimo ha evidenziato la necessita di fare rete tra i sindaci interessati al problema con il consiglio regionale: \u201c<\/span><\/span><span class=\"s14\"><span class=\"bumpedFont15\">ho chiesto questo incontro perch\u00e9 ritengo sia impensabile che per evitare il profilarsi della brucellosi ci sia l\u2019unica soluzione, quella dell\u2019abbattimento dei capi. <\/span><\/span><br \/>\n<span class=\"s14\"><span class=\"bumpedFont15\">Soprattutto perch\u00e9 spesso queste decisioni sono discutibili<\/span><\/span><span class=\"s13\"><span class=\"bumpedFont15\">\u201d. Natale ha anche espresso l\u2019indignazione verso un dirigente di un ente preposto ai controlli che ha spesso <\/span><\/span><span class=\"s13\"><span class=\"bumpedFont15\">richiamato i<\/span><\/span><span class=\"s13\"><span class=\"bumpedFont15\"> sindaci violando le loro prerogative: \u201c<\/span><\/span><span class=\"s14\"><span class=\"bumpedFont15\">spesso veniamo associati alla criminalit\u00e0 e all\u2019illegalit\u00e0 ma apparteniamo ad un territorio con immense potenzialit\u00e0<\/span><\/span><span class=\"s13\"><span class=\"bumpedFont15\">\u201d. <\/span><\/span><br \/>\n<span class=\"s13\"><span class=\"bumpedFont15\">Gli interventi dei sindaci a seguire si sono richiamati ai concetti espressi dal sindaco Natale. Infatti, tutti hanno chiesto di intervenire su dati scientifici che non attestano l\u2019incidenza della brucellosi nella produzione di mozzarella, inoltre hanno evidenziato <\/span><\/span><span class=\"s13\"><span class=\"bumpedFont15\">l\u2019importanza di<\/span><\/span><span class=\"s13\"><span class=\"bumpedFont15\"> fare una opera di prevenzione con le vaccinazioni. Un altro tema affrontato \u00e8 stato proprio quello delle vaccinazioni che vengono considerate dannose <\/span><\/span><span class=\"s13\"><span class=\"bumpedFont15\">per la<\/span><\/span><span class=\"s13\"><span class=\"bumpedFont15\"> produzione del latte, senza che ci sia un dato scientifico che lo attesti. <\/span><\/span><br \/>\n<span class=\"s13\"><span class=\"bumpedFont15\">A concludere l\u2019incontro \u00e8 stato il presidente del consiglio regionale, Gennaro Oliviero, che ha chiarito: \u201c<\/span><\/span><span class=\"s14\"><span class=\"bumpedFont15\">\u00e8 necessario partire per fare un nuovo piano di radicazione con uno strumento tecnico <\/span><\/span><span class=\"s14\"><span class=\"bumpedFont15\">riconosciuto che \u00e8 l\u2019istituto di riferimento nazionale della brucellosi. Non dobbiamo dimenticare che c\u2019\u00e8 una legge dello Stato che riconosce la bufala mediterranea animale da proteggere perch\u00e9 specie autoctona. Il nostro dovere \u00e8 quello di rappresentare quanto questo piano sia stato un fallimento finanziario e <\/span><\/span><span class=\"s14\"><span class=\"bumpedFont15\">socioeconomico<\/span><\/span><span class=\"s14\"><span class=\"bumpedFont15\"> per la regione Campania. Appena ricever\u00f2 i dati formali capiremo come in questi tre anni si \u00e8 quintuplicata la spesa e <\/span><\/span><span class=\"s14\"><span class=\"bumpedFont15\">allo stesso tempo<\/span><\/span><span class=\"s14\"><span class=\"bumpedFont15\"> si \u00e8 anche quintuplicata la malattia. Su questa vicenda <\/span><\/span><span class=\"s14\"><span class=\"bumpedFont15\">\u00e8<\/span><\/span><span class=\"s14\"><span class=\"bumpedFont15\"> mio dovere <\/span><\/span><span class=\"s14\"><span class=\"bumpedFont15\">aprire un<\/span><\/span><span class=\"s14\"><span class=\"bumpedFont15\"> giudizio di responsabilit\u00e0\u201d.\u00a0<\/span><\/span><\/p>\n","protected":false},"excerpt":{"rendered":"<p>&nbsp; POLITICA. Continua la battaglia dell\u2019amministrazione di Falciano del Massico tutta incentrata sul contrasto agli abbattimenti dei capi<\/p>\n","protected":false},"author":2,"featured_media":29669,"comment_status":"closed","ping_status":"closed","sticky":false,"template":"","format":"standard","meta":{"sfsi_plus_gutenberg_text_before_share":"","sfsi_plus_gutenberg_show_text_before_share":"","sfsi_plus_gutenberg_icon_type":"","sfsi_plus_gutenberg_icon_alignemt":"","sfsi_plus_gutenburg_max_per_row":"","footnotes":""},"categories":[6,4,9],"tags":[],"class_list":["post-29667","post","type-post","status-publish","format-standard","has-post-thumbnail","hentry","category-caserta","category-falciano","category-politica"],"_links":{"self":[{"href":"https:\/\/www.thereportzone.it\/index.php?rest_route=\/wp\/v2\/posts\/29667"}],"collection":[{"href":"https:\/\/www.thereportzone.it\/index.php?rest_route=\/wp\/v2\/posts"}],"about":[{"href":"https:\/\/www.thereportzone.it\/index.php?rest_route=\/wp\/v2\/types\/post"}],"author":[{"embeddable":true,"href":"https:\/\/www.thereportzone.it\/index.php?rest_route=\/wp\/v2\/users\/2"}],"replies":[{"embeddable":true,"href":"https:\/\/www.thereportzone.it\/index.php?rest_route=%2Fwp%2Fv2%2Fcomments&post=29667"}],"version-history":[{"count":0,"href":"https:\/\/www.thereportzone.it\/index.php?rest_route=\/wp\/v2\/posts\/29667\/revisions"}],"wp:featuredmedia":[{"embeddable":true,"href":"https:\/\/www.thereportzone.it\/index.php?rest_route=\/"}],"wp:attachment":[{"href":"https:\/\/www.thereportzone.it\/index.php?rest_route=%2Fwp%2Fv2%2Fmedia&parent=29667"}],"wp:term":[{"taxonomy":"category","embeddable":true,"href":"https:\/\/www.thereportzone.it\/index.php?rest_route=%2Fwp%2Fv2%2Fcategories&post=29667"},{"taxonomy":"post_tag","embeddable":true,"href":"https:\/\/www.thereportzone.it\/index.php?rest_route=%2Fwp%2Fv2%2Ftags&post=29667"}],"curies":[{"name":"wp","href":"https:\/\/api.w.org\/{rel}","templated":true}]}}