{"id":29371,"date":"2021-04-14T10:19:39","date_gmt":"2021-04-14T08:19:39","guid":{"rendered":"https:\/\/www.thereportzone.it\/?p=29371"},"modified":"2021-04-14T10:19:39","modified_gmt":"2021-04-14T08:19:39","slug":"falciano-pinacoteca-nazionale-dedicata-a-san-rocco-ce-il-progetto","status":"publish","type":"post","link":"https:\/\/www.thereportzone.it\/?p=29371","title":{"rendered":"FALCIANO &#8211; Pinacoteca nazionale dedicata a San Rocco: c\u2019\u00e8 il progetto"},"content":{"rendered":"<p>&nbsp;<br \/>\n<b>FALCIANO<\/b>. L\u2019Amministrazione comunale di Falciano del Massico pronta ad ospitare la pinacoteca nazionale dedicata a San Rocco.<\/p>\n<div><span data-removefontsize=\"true\" data-originalcomputedfontsize=\"16\">Il sindaco, tramite la persona dell&#8217;assessore Antonietta Rocco, ha comunicato a Fratel Costantino fondatore dell&#8217;associazione Europea Amici di San Rocco e ideatore della pinacoteca, la volont\u00e0 dell&#8217;amministrazione a mettere a disposizione i locali per la realizzazione di questo nuovo bel progetto \u00a0socio-culturale e religioso nel nome e di San Rocco.<\/span><\/div>\n<div>\n<span data-removefontsize=\"true\" data-originalcomputedfontsize=\"16\">UNA PINACOTECA PER SAN ROCCO &#8211;\u00a0<\/span>Associazione Europea Amici di San Rocco.<br \/>\n<span data-removefontsize=\"true\" data-originalcomputedfontsize=\"16\">San Rocco, una nuova casa per la pinacoteca nazionale, sul territorio italiano, per i tanti quadri che lo raccontano nella vita operosa<\/span><span data-removefontsize=\"true\" data-originalcomputedfontsize=\"16\">, piena, ardente,<\/span><span data-removefontsize=\"true\" data-originalcomputedfontsize=\"16\">\u00a0al servizio di Dio e dei fratelli bisognosi.\u00a0<\/span><br \/>\n<span data-removefontsize=\"true\" data-originalcomputedfontsize=\"16\">E\u2019<\/span><span data-removefontsize=\"true\" data-originalcomputedfontsize=\"16\">\u00a0questo il messaggio ed invito , \u00a0rivolto a sindaci, parroci, comunit\u00e0 e a quanti vogliano aiutarlo nella bella impresa che\u00a0<\/span><span data-removefontsize=\"true\" data-originalcomputedfontsize=\"16\">Fratel<\/span><span data-removefontsize=\"true\" data-originalcomputedfontsize=\"16\">\u00a0Costantino,<\/span>\u00a0<span data-removefontsize=\"true\" data-originalcomputedfontsize=\"16\">instanc<wbr \/>abile fondatore ed anima dell\u2019Associazione europea Amici di San Rocco,\u00a0<\/span><span data-removefontsize=\"true\" data-originalcomputedfontsize=\"16\">manda all\u2019Italia tutta, terra dove il Santo pellegrino<\/span><span data-removefontsize=\"true\" data-originalcomputedfontsize=\"16\">, ancor oggi attuale,<\/span><span data-removefontsize=\"true\" data-originalcomputedfontsize=\"16\">\u00a0trascorse molti anni della sua vita<\/span><span data-removefontsize=\"true\" data-originalcomputedfontsize=\"16\">, al servizio dei malati,<\/span><span data-removefontsize=\"true\" data-originalcomputedfontsize=\"16\">\u00a0e che, da sempre, lo venera<\/span><span data-removefontsize=\"true\" data-originalcomputedfontsize=\"16\">.<\/span><span data-removefontsize=\"true\" data-originalcomputedfontsize=\"16\">\u00a0\u00a0<\/span><br \/>\n<span data-removefontsize=\"true\" data-originalcomputedfontsize=\"16\">Un\u2019occasione da non perdere perch\u00e9 tanti sono i fedeli che guardano a San Rocco con occhi e cure speciale .<\/span><br \/>\n<span data-removefontsize=\"true\" data-originalcomputedfontsize=\"16\">Solo in Italia si contano tra chiese, cappelle , santuari ed oratori oltre tremila , ed e patrono di ben 1889 comuni italiani .<\/span><br \/>\n<span data-removefontsize=\"true\" data-originalcomputedfontsize=\"16\">Chi non conosce o ha sentito il nome di San Rocco ?\u00a0<\/span><br \/>\n<span data-removefontsize=\"true\" data-originalcomputedfontsize=\"16\">L&#8217;invito di \u00a0<\/span><span data-removefontsize=\"true\" data-originalcomputedfontsize=\"16\">Fratel<\/span><span data-removefontsize=\"true\" data-originalcomputedfontsize=\"16\">\u00a0Costantino De Bellis , il quale \u00e8 cresciuto a pane \u00a0e san Rocco , visto che ne e il patrono della sua cecit\u00e0 Natale Stornara nel verdeggiante tavoliere delle puglia in provincia di Foggia\u00a0<\/span><span data-removefontsize=\"true\" data-originalcomputedfontsize=\"16\">che, ogni anno, anima un bel\u00a0<\/span><span data-removefontsize=\"true\" data-originalcomputedfontsize=\"16\">C<\/span><span data-removefontsize=\"true\" data-originalcomputedfontsize=\"16\">oncorso\u00a0<\/span><span data-removefontsize=\"true\" data-originalcomputedfontsize=\"16\">nazionale di pittura\u00a0<\/span><span data-removefontsize=\"true\" data-originalcomputedfontsize=\"16\">per p<\/span><span data-removefontsize=\"true\" data-originalcomputedfontsize=\"16\">ennelli italiani<\/span><span data-removefontsize=\"true\" data-originalcomputedfontsize=\"16\">, affinch\u00e9 seguendo l\u2019esempio artistico e creativo \u00a0del Tintoretto, diano forma e corpo al\u00a0<\/span><span data-removefontsize=\"true\" data-originalcomputedfontsize=\"16\">S<\/span><span data-removefontsize=\"true\" data-originalcomputedfontsize=\"16\">anto: \u201c<\/span><span data-removefontsize=\"true\" data-originalcomputedfontsize=\"16\">Questo progetto servir\u00e0 a divulgare ancora di pi\u00f9 la figura d<\/span><span data-removefontsize=\"true\" data-originalcomputedfontsize=\"16\">i San Rocco<\/span><a name=\"m_5185630351794342847__GoBack\"><\/a><span data-removefontsize=\"true\" data-originalcomputedfontsize=\"16\">\u00a0e sar\u00e0 una grande potenzialit\u00e0 per chi aprir\u00e0 braccia, mente , cuore \u00a0e trovando dei locali idonei al progetto dar\u00e0 vita alla pinacoteca rocheliana .\u00a0<\/span><br \/>\n<span data-removefontsize=\"true\" data-originalcomputedfontsize=\"16\">La pinacoteca nazionale dedicata a San Rocco ospiter\u00e0 oltre 20 dipinti di pregio che sono un diadema di bellezza e di devozione\u201d.<\/span><span data-removefontsize=\"true\" data-originalcomputedfontsize=\"16\">\u00a0Una nuova gemma nella corona per dare luce e bellezza alla devozione verso San Rocco.\u00a0<\/span><br \/>\n<span data-removefontsize=\"true\" data-originalcomputedfontsize=\"16\">Per chi ancora non lo sapesse, a Capriati a Volturno in provincia di Caserta gi\u00e0 esiste un grande museo che ,\u00a0<\/span><span data-removefontsize=\"true\" data-originalcomputedfontsize=\"16\">Fratel<\/span><span data-removefontsize=\"true\" data-originalcomputedfontsize=\"16\">\u00a0Costantino ha dato vita \u00a0dove perdersi nelle tante stanze \u00a0ed osservando immagini, grandi, piccole, in legno dipinto, su tela, del pellegrino di Dio \u00e8 veramente appagabile spiritualmente e culturalmente .<\/span><br \/>\n<span data-removefontsize=\"true\" data-originalcomputedfontsize=\"16\">La pinacoteca , avr\u00e0 ingredienti necessari a far contemplare la santit\u00e0 di un uomo vissuto nel trecento , ed oggi ancora attuale nel suo carisma di perfetta carit\u00e0 e taumaturgo nelle pestilenze ed epidemie .<\/span><br \/>\n<span data-removefontsize=\"true\" data-originalcomputedfontsize=\"16\">Gli amministratori locali sopratutto dove esiste ed \u00e8 radicato il culto a San Rocco , di prendere in esame questa bellissima ed irreperibile proposta lanciata oggi dall&#8217;associazione Europea Amici di San Rocco , guidata da Fratel Constantino, per dare un ruolo di primo piano alla stessa comunit\u00e0 a livello nazionale , e cos\u00ec guardare all&#8217;impatto sociale e culturale che avr\u00e0 il luogo ospitante .<\/span><br \/>\n<span data-removefontsize=\"true\" data-originalcomputedfontsize=\"16\">Intravediamo davvero un progetto arduo , pieno di successi e ricco di buoni propositi per il bene comune , e la tenacia nel tenere viva la fiamma. La santit\u00e0 di San Rocco di Montpellier , l&#8217;uomo che non chiese ma diede con amore.<br \/>\n<a href=\"https:\/\/www.thereportzone.it\/wp-content\/uploads\/2021\/04\/38BF89EA-9A11-4118-8B01-F7912A947D9E.jpeg\"><img fetchpriority=\"high\" decoding=\"async\" class=\"aligncenter size-full wp-image-29373\" src=\"https:\/\/www.thereportzone.it\/wp-content\/uploads\/2021\/04\/38BF89EA-9A11-4118-8B01-F7912A947D9E.jpeg\" alt=\"\" width=\"1197\" height=\"1000\" \/><\/a><\/span><br \/>\n<a href=\"https:\/\/www.thereportzone.it\/wp-content\/uploads\/2021\/04\/2DCBA391-170F-45FB-908A-811F6EE0B1F5.jpeg\"><img decoding=\"async\" class=\"aligncenter size-full wp-image-29372\" src=\"https:\/\/www.thereportzone.it\/wp-content\/uploads\/2021\/04\/2DCBA391-170F-45FB-908A-811F6EE0B1F5.jpeg\" alt=\"\" width=\"561\" height=\"904\" \/><\/a>\n<\/div>\n","protected":false},"excerpt":{"rendered":"<p>&nbsp; FALCIANO. L\u2019Amministrazione comunale di Falciano del Massico pronta ad ospitare la pinacoteca nazionale dedicata a San Rocco.<\/p>\n","protected":false},"author":2,"featured_media":29374,"comment_status":"closed","ping_status":"closed","sticky":false,"template":"","format":"standard","meta":{"sfsi_plus_gutenberg_text_before_share":"","sfsi_plus_gutenberg_show_text_before_share":"","sfsi_plus_gutenberg_icon_type":"","sfsi_plus_gutenberg_icon_alignemt":"","sfsi_plus_gutenburg_max_per_row":"","footnotes":""},"categories":[4],"tags":[],"class_list":["post-29371","post","type-post","status-publish","format-standard","has-post-thumbnail","hentry","category-falciano"],"_links":{"self":[{"href":"https:\/\/www.thereportzone.it\/index.php?rest_route=\/wp\/v2\/posts\/29371"}],"collection":[{"href":"https:\/\/www.thereportzone.it\/index.php?rest_route=\/wp\/v2\/posts"}],"about":[{"href":"https:\/\/www.thereportzone.it\/index.php?rest_route=\/wp\/v2\/types\/post"}],"author":[{"embeddable":true,"href":"https:\/\/www.thereportzone.it\/index.php?rest_route=\/wp\/v2\/users\/2"}],"replies":[{"embeddable":true,"href":"https:\/\/www.thereportzone.it\/index.php?rest_route=%2Fwp%2Fv2%2Fcomments&post=29371"}],"version-history":[{"count":0,"href":"https:\/\/www.thereportzone.it\/index.php?rest_route=\/wp\/v2\/posts\/29371\/revisions"}],"wp:featuredmedia":[{"embeddable":true,"href":"https:\/\/www.thereportzone.it\/index.php?rest_route=\/"}],"wp:attachment":[{"href":"https:\/\/www.thereportzone.it\/index.php?rest_route=%2Fwp%2Fv2%2Fmedia&parent=29371"}],"wp:term":[{"taxonomy":"category","embeddable":true,"href":"https:\/\/www.thereportzone.it\/index.php?rest_route=%2Fwp%2Fv2%2Fcategories&post=29371"},{"taxonomy":"post_tag","embeddable":true,"href":"https:\/\/www.thereportzone.it\/index.php?rest_route=%2Fwp%2Fv2%2Ftags&post=29371"}],"curies":[{"name":"wp","href":"https:\/\/api.w.org\/{rel}","templated":true}]}}