{"id":29357,"date":"2021-04-12T10:24:09","date_gmt":"2021-04-12T08:24:09","guid":{"rendered":"https:\/\/www.thereportzone.it\/?p=29357"},"modified":"2021-04-12T10:24:09","modified_gmt":"2021-04-12T08:24:09","slug":"carinola-verso-le-comunali-dautunno-si-lavora-per-stilare-i-programmi-da-affrontare-per-i-prossimi-5-anni","status":"publish","type":"post","link":"https:\/\/www.thereportzone.it\/?p=29357","title":{"rendered":"CARINOLA  Verso le comunali d\u2019autunno: si lavora per stilare i programmi da affrontare per i prossimi 5 anni"},"content":{"rendered":"<p><strong>CARINOLA \u00a0<\/strong>(di <strong><em>Joe Capua<\/em><\/strong>) \u2013 \u00a0\u00a0\u00a0\u00a0\u00a0 Le\u00a0 elezioni comunali previste in via straordinaria in autunno, causa covid, consentiranno ai vari leader dei gruppi politici di stilare al meglio i programmi sulle tematiche da affrontare per il quinquennio 2021- 26. A partire dal mese di maggio dovrebbe essere pi\u00f9 agevole incontrarsi da vicino e questo sar\u00e0 il segnale che la campagna elettorale entra nel vivo. Le questioni di maggiore interesse come detto pi\u00f9 volte sono quelle legate all\u2019aspetto economico e certamente portare a termine le opere pubbliche \u00e8 un obiettivo al quale aspirano tutti. Stesso discorso per il tanto atteso Piano Urbanistico. Definito da molti la tela di Penelope per le varie volte in cui sembrava approvato, ma poi spuntava fuori sempre qualche intoppo che l\u2019ha di fatto bloccato. \u00c8 noto da tempo che tra i pi\u00f9 scettici sul nuovo piano regolatore e sulla relativa approvazione da parte dell\u2019amministrazione recentemente commissariata, c\u2019era Franco Di Biasio, leader di \u201cCarinola Rinasce\u201d e che in questi giorni dopo la ritrovata ed auspicata pace familiare con la nipote Giusy sta preparando un comunicato che metter\u00e0 in chiaro quale potrebbe essere il ruolo del suo gruppo in vista delle elezioni. Se sar\u00e0 scontato o meno che la candidata a sindaco sar\u00e0 l\u2019avvocatessa Di Biasio, lo sapremo solo fra qualche giorno. Tutto fa pensare che questa \u00e8 la strada giusta. In itinere la situazione anche per quello che riguarda le altre aree politiche. Solo quando finiranno le restrizioni arriveranno dichiarazioni ufficiali.<\/p>\n","protected":false},"excerpt":{"rendered":"<p>CARINOLA \u00a0(di Joe Capua) \u2013 \u00a0\u00a0\u00a0\u00a0\u00a0 Le\u00a0 elezioni comunali previste in via straordinaria in autunno, causa covid, consentiranno<\/p>\n","protected":false},"author":2,"featured_media":28114,"comment_status":"closed","ping_status":"closed","sticky":false,"template":"","format":"standard","meta":{"sfsi_plus_gutenberg_text_before_share":"","sfsi_plus_gutenberg_show_text_before_share":"","sfsi_plus_gutenberg_icon_type":"","sfsi_plus_gutenberg_icon_alignemt":"","sfsi_plus_gutenburg_max_per_row":"","footnotes":""},"categories":[2973,9],"tags":[],"class_list":["post-29357","post","type-post","status-publish","format-standard","has-post-thumbnail","hentry","category-carinola","category-politica"],"_links":{"self":[{"href":"https:\/\/www.thereportzone.it\/index.php?rest_route=\/wp\/v2\/posts\/29357"}],"collection":[{"href":"https:\/\/www.thereportzone.it\/index.php?rest_route=\/wp\/v2\/posts"}],"about":[{"href":"https:\/\/www.thereportzone.it\/index.php?rest_route=\/wp\/v2\/types\/post"}],"author":[{"embeddable":true,"href":"https:\/\/www.thereportzone.it\/index.php?rest_route=\/wp\/v2\/users\/2"}],"replies":[{"embeddable":true,"href":"https:\/\/www.thereportzone.it\/index.php?rest_route=%2Fwp%2Fv2%2Fcomments&post=29357"}],"version-history":[{"count":0,"href":"https:\/\/www.thereportzone.it\/index.php?rest_route=\/wp\/v2\/posts\/29357\/revisions"}],"wp:featuredmedia":[{"embeddable":true,"href":"https:\/\/www.thereportzone.it\/index.php?rest_route=\/"}],"wp:attachment":[{"href":"https:\/\/www.thereportzone.it\/index.php?rest_route=%2Fwp%2Fv2%2Fmedia&parent=29357"}],"wp:term":[{"taxonomy":"category","embeddable":true,"href":"https:\/\/www.thereportzone.it\/index.php?rest_route=%2Fwp%2Fv2%2Fcategories&post=29357"},{"taxonomy":"post_tag","embeddable":true,"href":"https:\/\/www.thereportzone.it\/index.php?rest_route=%2Fwp%2Fv2%2Ftags&post=29357"}],"curies":[{"name":"wp","href":"https:\/\/api.w.org\/{rel}","templated":true}]}}