{"id":29302,"date":"2021-04-06T11:32:58","date_gmt":"2021-04-06T09:32:58","guid":{"rendered":"https:\/\/www.thereportzone.it\/?p=29302"},"modified":"2021-04-06T11:32:58","modified_gmt":"2021-04-06T09:32:58","slug":"verso-le-elezioni-comunali-la-ripresa-degli-incontri-sulle-questioni-elettorali-slittano-dopo-il-20-aprile","status":"publish","type":"post","link":"https:\/\/www.thereportzone.it\/?p=29302","title":{"rendered":"Verso le elezioni comunali: la ripresa degli incontri sulle questioni elettorali slittano dopo il 20 aprile"},"content":{"rendered":"<p><strong>CARINOLA \u00a0<\/strong>(di <strong><em>Joe Capua<\/em><\/strong>) \u2013 \u00a0\u00a0\u00a0\u00a0\u00a0 Solo dopo il 20 aprile con ogni probabilit\u00e0 potrebbe esserci la possibilit\u00e0 di riprendere le riunioni a pieno regime per quello che attiene la preparazione alla campagna elettorale dei vari gruppi politici e della societ\u00e0 civile. Per quella data la Zona Rossa potrebbe essere un brutto ricordo. \u00a0Nei giorni scorsi \u00e8 stato gi\u00e0 messo in evidenza come tra pi\u00f9 attivi ci fosse \u201cCarinola in Azione\u201d\u00a0 coordinato a livello locale\u00a0 da Giannantonio Anfora. Il sodalizio dinanzi menzionato ha gi\u00e0 avuto modo di fare incontri interlocutori con altre forze politiche e della societ\u00e0 civile per gettare le basi sulla formazione di una coalizione che porti una ventata di novit\u00e0 dal punto di vista politico \u2013 amministrativo. Anfora ha sottolineato come la seconda fase del progetto del gruppo da lui diretto si ponga come obiettivo di \u201c<em>costruire un nuovo\u00a0 e pi\u00f9 radioso \u00a0 futuro per Carinola,\u00a0<\/em><em> forti di nuove adesioni e delle tante idee che si propongono di \u00a0trasformare in realt\u00e0<\/em>\u201d.\u00a0 Sul fronte della coalizione vicina alla aspirante sindaco Giuseppina Di Biasio proseguono seppur a distanza le riunioni per completare al pi\u00f9 presto la lista da presentare al cospetto degli elettori. Al fianco dell\u2019avvocatessa ci sar\u00e0 tutto il partito democratico, unitamente al gruppo \u201cCarinola Rinasce\u201d che intende schierare in prima linea Severino Di Cresce e probabilmente Giovanni Micillo. Non giungono invece novit\u00e0 in merito allo schieramento dell\u2019area vicina al centro destra. \u00a0Sembra che a contendersi la candidatura a sindaco sia Rosa Di Maio con Antonio Russo. Al loro fianco c\u2019\u00e8 per il momento Fratelli D\u2019Italia, gruppo coordinato da Fabio Monfreda.<\/p>\n","protected":false},"excerpt":{"rendered":"<p>CARINOLA \u00a0(di Joe Capua) \u2013 \u00a0\u00a0\u00a0\u00a0\u00a0 Solo dopo il 20 aprile con ogni probabilit\u00e0 potrebbe esserci la possibilit\u00e0<\/p>\n","protected":false},"author":2,"featured_media":28465,"comment_status":"closed","ping_status":"closed","sticky":false,"template":"","format":"standard","meta":{"sfsi_plus_gutenberg_text_before_share":"","sfsi_plus_gutenberg_show_text_before_share":"","sfsi_plus_gutenberg_icon_type":"","sfsi_plus_gutenberg_icon_alignemt":"","sfsi_plus_gutenburg_max_per_row":"","footnotes":""},"categories":[2973,9],"tags":[],"class_list":["post-29302","post","type-post","status-publish","format-standard","has-post-thumbnail","hentry","category-carinola","category-politica"],"_links":{"self":[{"href":"https:\/\/www.thereportzone.it\/index.php?rest_route=\/wp\/v2\/posts\/29302"}],"collection":[{"href":"https:\/\/www.thereportzone.it\/index.php?rest_route=\/wp\/v2\/posts"}],"about":[{"href":"https:\/\/www.thereportzone.it\/index.php?rest_route=\/wp\/v2\/types\/post"}],"author":[{"embeddable":true,"href":"https:\/\/www.thereportzone.it\/index.php?rest_route=\/wp\/v2\/users\/2"}],"replies":[{"embeddable":true,"href":"https:\/\/www.thereportzone.it\/index.php?rest_route=%2Fwp%2Fv2%2Fcomments&post=29302"}],"version-history":[{"count":0,"href":"https:\/\/www.thereportzone.it\/index.php?rest_route=\/wp\/v2\/posts\/29302\/revisions"}],"wp:featuredmedia":[{"embeddable":true,"href":"https:\/\/www.thereportzone.it\/index.php?rest_route=\/"}],"wp:attachment":[{"href":"https:\/\/www.thereportzone.it\/index.php?rest_route=%2Fwp%2Fv2%2Fmedia&parent=29302"}],"wp:term":[{"taxonomy":"category","embeddable":true,"href":"https:\/\/www.thereportzone.it\/index.php?rest_route=%2Fwp%2Fv2%2Fcategories&post=29302"},{"taxonomy":"post_tag","embeddable":true,"href":"https:\/\/www.thereportzone.it\/index.php?rest_route=%2Fwp%2Fv2%2Ftags&post=29302"}],"curies":[{"name":"wp","href":"https:\/\/api.w.org\/{rel}","templated":true}]}}