{"id":29233,"date":"2021-03-30T19:05:47","date_gmt":"2021-03-30T17:05:47","guid":{"rendered":"https:\/\/www.thereportzone.it\/?p=29233"},"modified":"2021-03-30T19:05:47","modified_gmt":"2021-03-30T17:05:47","slug":"carinola-verso-le-elezioni-comunali-al-centro-dei-programmi-ce-anche-la-questione-del-palazzetto-dello-sport-di-nocelleto","status":"publish","type":"post","link":"https:\/\/www.thereportzone.it\/?p=29233","title":{"rendered":"CARINOLA &#8211; Verso le comunali: al centro dei programmi anche la questione del Palazzetto dello sport di Nocelleto"},"content":{"rendered":"<p>&nbsp;<br \/>\n<strong><br \/>\nCARINOLA \u00a0<\/strong>(di <strong><em>Joe Capua<\/em><\/strong>) \u2013 \u00a0Il palazzetto dello sport di Nocelleto \u00e8 una questione di vecchia data. Le prossime elezioni comunali ci saranno come noto ad ottobre ed in tal senso pare che l\u2019argomento palazzetto \u00e8 stato ripescato dal cilindro delle questioni da trattare.<br \/>\nCi\u00f2 alla luce di un recentissimo decreto regionale che a quanto pare ha sbloccato l\u2019empasse burocratico per completare la predetta opera. \u00c8 noto che sono stati gi\u00e0 spesi diverse centinaia di euro per cercare di portare a termine il progetto.<br \/>\nLa struttura in questione \u00e8 stata definita a pi\u00f9 riprese la cattedrale nel deserto. Si vedr\u00e0 se le ultime novit\u00e0 relative al possibile completamento del centro polisportivo di Nocelleto porteranno finalmente al completamento dello stesso. Chi sta per proporsi come candidato metter\u00e0 nel proprio programma tanti argomenti. Al palazzetto \u00e8 legato anche il piano urbanistico. L\u2019approvazione di tale strumento prevede infatti che coloro in quali vorranno usufruire della struttura sportiva lo potranno raggiungere dalla propria frazione di residenza. Almeno questo \u00e8 quanto hanno sempre auspicato gli ex amministratori che hanno fatto parte dell\u2019ultima maggioranza. Rendere il territorio come una citt\u00e0 multicentrica, migliorare i trasporti e gli spostamenti tra le frazioni. L\u2019idea era partita dall\u2019ex presidente del parlamentino locale Antonella Migliozzi. Quest\u2019ultima al momento sembra aver intrapreso un dialogo con il gruppo di \u201cCarinola in Azione\u201d per una possibile candidatura a consigliere alle prossime elezioni.<\/p>\n","protected":false},"excerpt":{"rendered":"<p>&nbsp; CARINOLA \u00a0(di Joe Capua) \u2013 \u00a0Il palazzetto dello sport di Nocelleto \u00e8 una questione di vecchia data.<\/p>\n","protected":false},"author":2,"featured_media":28465,"comment_status":"closed","ping_status":"closed","sticky":false,"template":"","format":"standard","meta":{"sfsi_plus_gutenberg_text_before_share":"","sfsi_plus_gutenberg_show_text_before_share":"","sfsi_plus_gutenberg_icon_type":"","sfsi_plus_gutenberg_icon_alignemt":"","sfsi_plus_gutenburg_max_per_row":"","footnotes":""},"categories":[2973,941],"tags":[],"class_list":["post-29233","post","type-post","status-publish","format-standard","has-post-thumbnail","hentry","category-carinola","category-uncategorized"],"_links":{"self":[{"href":"https:\/\/www.thereportzone.it\/index.php?rest_route=\/wp\/v2\/posts\/29233"}],"collection":[{"href":"https:\/\/www.thereportzone.it\/index.php?rest_route=\/wp\/v2\/posts"}],"about":[{"href":"https:\/\/www.thereportzone.it\/index.php?rest_route=\/wp\/v2\/types\/post"}],"author":[{"embeddable":true,"href":"https:\/\/www.thereportzone.it\/index.php?rest_route=\/wp\/v2\/users\/2"}],"replies":[{"embeddable":true,"href":"https:\/\/www.thereportzone.it\/index.php?rest_route=%2Fwp%2Fv2%2Fcomments&post=29233"}],"version-history":[{"count":0,"href":"https:\/\/www.thereportzone.it\/index.php?rest_route=\/wp\/v2\/posts\/29233\/revisions"}],"wp:featuredmedia":[{"embeddable":true,"href":"https:\/\/www.thereportzone.it\/index.php?rest_route=\/"}],"wp:attachment":[{"href":"https:\/\/www.thereportzone.it\/index.php?rest_route=%2Fwp%2Fv2%2Fmedia&parent=29233"}],"wp:term":[{"taxonomy":"category","embeddable":true,"href":"https:\/\/www.thereportzone.it\/index.php?rest_route=%2Fwp%2Fv2%2Fcategories&post=29233"},{"taxonomy":"post_tag","embeddable":true,"href":"https:\/\/www.thereportzone.it\/index.php?rest_route=%2Fwp%2Fv2%2Ftags&post=29233"}],"curies":[{"name":"wp","href":"https:\/\/api.w.org\/{rel}","templated":true}]}}