{"id":29213,"date":"2021-03-29T09:14:27","date_gmt":"2021-03-29T07:14:27","guid":{"rendered":"https:\/\/www.thereportzone.it\/?p=29213"},"modified":"2021-03-29T09:14:27","modified_gmt":"2021-03-29T07:14:27","slug":"carinola-verso-le-elezioni-comunali-il-centro-destra-si-organizza-in-silenzio-in-vista-del-voto","status":"publish","type":"post","link":"https:\/\/www.thereportzone.it\/?p=29213","title":{"rendered":"CARINOLA  &#8211; Verso le elezioni comunali: il centro destra si organizza in silenzio in vista del voto"},"content":{"rendered":"<p><strong>CARINOLA \u00a0<\/strong>(di <strong><em>Joe Capua<\/em><\/strong>) \u2013 \u00a0Non giungono notizie di alcun genere sul fronte che fa capo all\u2019ex sindaco Antonio Russo. Chi fa parte della coalizione di area vicina al centro destra infatti non sta rilasciando alcuna dichiarazione su quanto sta accadendo in vista del voto. Manca ancora qualche mese per quella data e forse sar\u00e0 questa la ragione principale del silenzio anche sui social. L\u2019unico sodalizio di centro destra \u00a0che finora \u00e8 uscito allo scoperto \u00e8 quello di Fratelli D\u2019Italia coordinato da Fabio Monfreda e Salvatore Giacca che hanno avuto l\u2019incarico di aprire un dialogo con le varie forze in campo. Il presunto avvicinamento (secondo indiscrezioni) di Giacca jr al gruppo che far\u00e0 capo all\u2019avvocatessa Giuseppina Di Biasio, non corrisponde a quanto si apprende \u00a0alla realt\u00e0 dei fatti. Il gruppo dei meloniani come ha fatto sapere a tempo debito Fabio Monfreda intende rimanere coerente con l\u2019area a cui si appartiene a livello Nazionale. Tuttavia le trattative sono in fase di stallo in quanto come si diceva la data delle elezioni \u00e8 ancora lontana. Dal fronte Di Biasio invece sembra esserci una maggiore comunicazione con gli organi di stampa ed in tal senso probabilmente dopo Pasqua potrebbe essere resa nota gi\u00e0 la composizione della lista, almeno questo \u00e8 quanto trapela. L\u2019attivissimo gruppo che sosterr\u00e0 la Di Biasio \u00e8 al lavoro gi\u00e0 da qualche settimana. Soprattutto dopo l\u2019auspicata pace familiare si lavora con estremo entusiasmo. Lumi si attendono anche sul fronte \u201cterzo polo\u201d. Al lavoro in tal senso \u201cCarinola in Azione\u201d e \u00a0gli attivisti del movimento 5 Stelle.<\/p>\n","protected":false},"excerpt":{"rendered":"<p>CARINOLA \u00a0(di Joe Capua) \u2013 \u00a0Non giungono notizie di alcun genere sul fronte che fa capo all\u2019ex sindaco<\/p>\n","protected":false},"author":2,"featured_media":28348,"comment_status":"closed","ping_status":"closed","sticky":false,"template":"","format":"standard","meta":{"sfsi_plus_gutenberg_text_before_share":"","sfsi_plus_gutenberg_show_text_before_share":"","sfsi_plus_gutenberg_icon_type":"","sfsi_plus_gutenberg_icon_alignemt":"","sfsi_plus_gutenburg_max_per_row":"","footnotes":""},"categories":[2973,9],"tags":[],"class_list":["post-29213","post","type-post","status-publish","format-standard","has-post-thumbnail","hentry","category-carinola","category-politica"],"_links":{"self":[{"href":"https:\/\/www.thereportzone.it\/index.php?rest_route=\/wp\/v2\/posts\/29213"}],"collection":[{"href":"https:\/\/www.thereportzone.it\/index.php?rest_route=\/wp\/v2\/posts"}],"about":[{"href":"https:\/\/www.thereportzone.it\/index.php?rest_route=\/wp\/v2\/types\/post"}],"author":[{"embeddable":true,"href":"https:\/\/www.thereportzone.it\/index.php?rest_route=\/wp\/v2\/users\/2"}],"replies":[{"embeddable":true,"href":"https:\/\/www.thereportzone.it\/index.php?rest_route=%2Fwp%2Fv2%2Fcomments&post=29213"}],"version-history":[{"count":0,"href":"https:\/\/www.thereportzone.it\/index.php?rest_route=\/wp\/v2\/posts\/29213\/revisions"}],"wp:featuredmedia":[{"embeddable":true,"href":"https:\/\/www.thereportzone.it\/index.php?rest_route=\/"}],"wp:attachment":[{"href":"https:\/\/www.thereportzone.it\/index.php?rest_route=%2Fwp%2Fv2%2Fmedia&parent=29213"}],"wp:term":[{"taxonomy":"category","embeddable":true,"href":"https:\/\/www.thereportzone.it\/index.php?rest_route=%2Fwp%2Fv2%2Fcategories&post=29213"},{"taxonomy":"post_tag","embeddable":true,"href":"https:\/\/www.thereportzone.it\/index.php?rest_route=%2Fwp%2Fv2%2Ftags&post=29213"}],"curies":[{"name":"wp","href":"https:\/\/api.w.org\/{rel}","templated":true}]}}