{"id":29125,"date":"2021-03-24T10:16:02","date_gmt":"2021-03-24T09:16:02","guid":{"rendered":"https:\/\/www.thereportzone.it\/?p=29125"},"modified":"2021-03-24T10:16:02","modified_gmt":"2021-03-24T09:16:02","slug":"carinola-feste-patronali-in-forte-dubbio-nelle-varie-frazioni-del-territorio-comunale","status":"publish","type":"post","link":"https:\/\/www.thereportzone.it\/?p=29125","title":{"rendered":"CARINOLA &#8211; Feste patronali in forte dubbio nelle varie frazioni del territorio comunale"},"content":{"rendered":"<p>&nbsp;<br \/>\n&nbsp;<br \/>\n&nbsp;<br \/>\n&nbsp;<br \/>\n<strong>CARINOLA \u00a0<\/strong>(di <strong><em>Joe Capua<\/em><\/strong>) \u2013 \u00a0Le feste patronali che si svolgono nelle varie frazioni rischiano seriamente di saltare per il secondo anno consecutivo.<br \/>\nLa pandemia sconvolge i piani dei vari comitati che si organizzano e lavorano alacremente tutti i giorni per farsi trovare pronti al momento dei festeggiamenti. Le restrizioni probabilmente si prolungheranno anche per l\u2019estate.<br \/>\nTutto dipender\u00e0 da come si evolver\u00e0 la situazione per quello che attiene la campagna vaccinale. Le celebrazioni religiose con ogni probabilit\u00e0 si terranno ugualmente nel rispetto delle solite regole che conosciamo da oltre 12 mesi. Dunque a quanto pare i preparativi per la prima festa in ordine cronologico, quella in onore della SS. Madonna Grande ed Eccelsa verranno rinviati al 2022.<br \/>\nUn discorso che riguarda anche l\u2019infiorata. Evento attesissimo da tutti. Intanto i residenti di Casanova hanno chiesto quantomeno alle istituzioni preposte di fare interventi di manutenzione alla strada che conduce al Santuario della Santa Patrona. Nei giorni scorsi sui social \u00e8 divampata la protesta per una situazione\u00a0 definita \u201cvergognosa\u201d.<br \/>\nLa protesta non riguarda solamente la strada menzionata dinanzi, ma anche altre zone dell\u2019intero territorio comunale. Si attende la possibilit\u00e0 di far svolgere tamponi di massa alla popolazione. La commissione prefettizia non ha dato ancora alcun segnale a seguito della richiesta fatta da alcuni degli ex consiglieri comunali in carica fino a qualche settimana fa.<\/p>\n","protected":false},"excerpt":{"rendered":"<p>&nbsp; &nbsp; &nbsp; &nbsp; CARINOLA \u00a0(di Joe Capua) \u2013 \u00a0Le feste patronali che si svolgono nelle varie frazioni<\/p>\n","protected":false},"author":2,"featured_media":29128,"comment_status":"closed","ping_status":"closed","sticky":false,"template":"","format":"standard","meta":{"sfsi_plus_gutenberg_text_before_share":"","sfsi_plus_gutenberg_show_text_before_share":"","sfsi_plus_gutenberg_icon_type":"","sfsi_plus_gutenberg_icon_alignemt":"","sfsi_plus_gutenburg_max_per_row":"","footnotes":""},"categories":[2973,37],"tags":[],"class_list":["post-29125","post","type-post","status-publish","format-standard","has-post-thumbnail","hentry","category-carinola","category-notizie-locali"],"_links":{"self":[{"href":"https:\/\/www.thereportzone.it\/index.php?rest_route=\/wp\/v2\/posts\/29125"}],"collection":[{"href":"https:\/\/www.thereportzone.it\/index.php?rest_route=\/wp\/v2\/posts"}],"about":[{"href":"https:\/\/www.thereportzone.it\/index.php?rest_route=\/wp\/v2\/types\/post"}],"author":[{"embeddable":true,"href":"https:\/\/www.thereportzone.it\/index.php?rest_route=\/wp\/v2\/users\/2"}],"replies":[{"embeddable":true,"href":"https:\/\/www.thereportzone.it\/index.php?rest_route=%2Fwp%2Fv2%2Fcomments&post=29125"}],"version-history":[{"count":0,"href":"https:\/\/www.thereportzone.it\/index.php?rest_route=\/wp\/v2\/posts\/29125\/revisions"}],"wp:featuredmedia":[{"embeddable":true,"href":"https:\/\/www.thereportzone.it\/index.php?rest_route=\/"}],"wp:attachment":[{"href":"https:\/\/www.thereportzone.it\/index.php?rest_route=%2Fwp%2Fv2%2Fmedia&parent=29125"}],"wp:term":[{"taxonomy":"category","embeddable":true,"href":"https:\/\/www.thereportzone.it\/index.php?rest_route=%2Fwp%2Fv2%2Fcategories&post=29125"},{"taxonomy":"post_tag","embeddable":true,"href":"https:\/\/www.thereportzone.it\/index.php?rest_route=%2Fwp%2Fv2%2Ftags&post=29125"}],"curies":[{"name":"wp","href":"https:\/\/api.w.org\/{rel}","templated":true}]}}