{"id":29029,"date":"2021-03-15T17:13:07","date_gmt":"2021-03-15T16:13:07","guid":{"rendered":"https:\/\/www.thereportzone.it\/?p=29029"},"modified":"2021-03-15T17:13:07","modified_gmt":"2021-03-15T16:13:07","slug":"carinola-verso-le-elezioni-comunali-franco-e-giuseppina-di-biasio-uniscono-le-forze-per-programmare-il-futuro-di-carinola-e-sui-social-si-scatenano-commenti-di-ogni-genere","status":"publish","type":"post","link":"https:\/\/www.thereportzone.it\/?p=29029","title":{"rendered":"CARINOLA &#8211; Verso le elezioni, unione Franco e Giuseppina Di Biasio: sui social si scatena la querelle"},"content":{"rendered":"<p>&nbsp;<br \/>\n&nbsp;<br \/>\n&nbsp;<br \/>\n<strong>CARINOLA \u00a0<\/strong>(di <strong><em>Joe Capua<\/em><\/strong>) \u2013 \u00a0Si scatena sui social una vera e propria catena di commenti in merito all\u2019ultimo articolo che \u00e8 stato riportato su queste pagine.<br \/>\nQuello relativo alla unione delle forze all\u2019interno della famiglia Di Biasio tra l\u2019ex consigliere Franco e sua nipote Giuseppina. Molti hanno criticato e hanno rilasciato in piena libert\u00e0 i loro commenti che hanno a loro volta fatto reagire non solo i diretti interessati ma anche qualche loro sostenitore.<br \/>\n\u00c8 il caso in tal senso di Severino Di Cresce che da tempo ha evidenziato la sua intenzione di scendere in campo al fianco di Franco Di Biasio. L\u2019ex esponente di \u201cCoraggio e libert\u00e0\u201d\u00a0 ha cos\u00ec risposto allo scetticismo che ruota intorno al gruppo Di Biasio: \u00a0\u201c<em>Non stiamo improvvisando nessun sindaco oggi. Sia Franco che Giusy hanno gi\u00e0 una consolidata esperienza.\u00a0 A mio avviso rappresentano la sintesi per arrivare a tutto ci\u00f2 che il nostro comune ha bisogno grazie anche al fatto che avranno nella Regione Campania un ottimo riferimento per poter ottenere finanziamenti importanti per il bene del territorio .\u00a0 Stiamo lavorando\u00a0 ad una lista con una discreta quota di rinnovamento che giover\u00e0 in termini pratici per quanto riguarda l\u2019 utilizzo delle nuove piattaforme usate dalla pubblica amministrazione . Insomma una piccola rivoluzione per metterci al passo dei comuni vicini. Siamo pronti al dialogo con chiunque sia animato da questi principi basilari del vivere la comunit\u00e0 . Senza preclusioni o preconcetti\u201d.<\/em><br \/>\nLa data delle elezioni \u00e8 ancora lontana, si andr\u00e0 al voto con ogni probabilit\u00e0 il 4 ottobre. Le settimane che verranno saranno utili per capire quanti schieramenti di sfideranno per ottenere la fascia tricolore Oltre al gruppo Di Biasio, si parla di altre due liste.<br \/>\nMassima attenzione in queste ultime ore viene data alla predisposizione di una coalizione che farebbe da \u201cterzo polo\u201d. A sviluppare tale idea sono Giannatonio Anfora in rappresentanza di \u201cCarinola in Azione\u201d e Renato Luigi De Spirito attivista locale del Movimento 5 Stelle.\u00a0 Indecifrabile in questo momento \u00e8 la posizione dell\u2019ex sindaco Antonio Russo che vorrebbe ripresentarsi agli elettori, ma dovr\u00e0 vincere le resistenze di Rosa Di Maio.<\/p>\n","protected":false},"excerpt":{"rendered":"<p>&nbsp; &nbsp; &nbsp; CARINOLA \u00a0(di Joe Capua) \u2013 \u00a0Si scatena sui social una vera e propria catena di<\/p>\n","protected":false},"author":2,"featured_media":29035,"comment_status":"closed","ping_status":"closed","sticky":false,"template":"","format":"standard","meta":{"sfsi_plus_gutenberg_text_before_share":"","sfsi_plus_gutenberg_show_text_before_share":"","sfsi_plus_gutenberg_icon_type":"","sfsi_plus_gutenberg_icon_alignemt":"","sfsi_plus_gutenburg_max_per_row":"","footnotes":""},"categories":[2973,9],"tags":[],"class_list":["post-29029","post","type-post","status-publish","format-standard","has-post-thumbnail","hentry","category-carinola","category-politica"],"_links":{"self":[{"href":"https:\/\/www.thereportzone.it\/index.php?rest_route=\/wp\/v2\/posts\/29029"}],"collection":[{"href":"https:\/\/www.thereportzone.it\/index.php?rest_route=\/wp\/v2\/posts"}],"about":[{"href":"https:\/\/www.thereportzone.it\/index.php?rest_route=\/wp\/v2\/types\/post"}],"author":[{"embeddable":true,"href":"https:\/\/www.thereportzone.it\/index.php?rest_route=\/wp\/v2\/users\/2"}],"replies":[{"embeddable":true,"href":"https:\/\/www.thereportzone.it\/index.php?rest_route=%2Fwp%2Fv2%2Fcomments&post=29029"}],"version-history":[{"count":0,"href":"https:\/\/www.thereportzone.it\/index.php?rest_route=\/wp\/v2\/posts\/29029\/revisions"}],"wp:featuredmedia":[{"embeddable":true,"href":"https:\/\/www.thereportzone.it\/index.php?rest_route=\/"}],"wp:attachment":[{"href":"https:\/\/www.thereportzone.it\/index.php?rest_route=%2Fwp%2Fv2%2Fmedia&parent=29029"}],"wp:term":[{"taxonomy":"category","embeddable":true,"href":"https:\/\/www.thereportzone.it\/index.php?rest_route=%2Fwp%2Fv2%2Fcategories&post=29029"},{"taxonomy":"post_tag","embeddable":true,"href":"https:\/\/www.thereportzone.it\/index.php?rest_route=%2Fwp%2Fv2%2Ftags&post=29029"}],"curies":[{"name":"wp","href":"https:\/\/api.w.org\/{rel}","templated":true}]}}