{"id":28913,"date":"2021-03-08T09:33:29","date_gmt":"2021-03-08T08:33:29","guid":{"rendered":"https:\/\/www.thereportzone.it\/?p=28913"},"modified":"2021-03-08T09:33:29","modified_gmt":"2021-03-08T08:33:29","slug":"carinola-fari-puntati-sulla-formazione-della-futura-amministrazione-comunale-ecco-il-punto-della-situazione-a-pochi-mesi-dal-voto","status":"publish","type":"post","link":"https:\/\/www.thereportzone.it\/?p=28913","title":{"rendered":"CARINOLA &#8211; Fari puntati sulla formazione della futura amministrazione comunale: ecco il punto della situazione a pochi mesi dal voto"},"content":{"rendered":"<p>&nbsp;<br \/>\n&nbsp;<br \/>\n&nbsp;<br \/>\n<strong>CARINOLA \u00a0<\/strong>(di <strong><em>Joe Capua<\/em><\/strong>) \u2013 \u00a0Fari puntati sulla formazione della futura amministrazione comunale. Il voto ci sar\u00e0 in autunno come tutti ormai sanno, ma nelle ultime ore a quanto pare c\u2019\u00e8 stato gi\u00e0 un significativo passo in avanti di uno dei gruppi che in queste settimane passate ha avuto modo di farsi conoscere.<br \/>\nLo abbiamo gi\u00e0 pubblicato: si tratta delle mosse messe in atto dal sodalizio politico \u201cCarinola in Azione\u201d\u00a0 coordinato a livello locale da Giannatonio Anfora.<br \/>\nParte quindi dalla frazione di Nocelleto come spesso capita l\u2019attivit\u00e0 di preparazione alla scelta del candidato sindaco e dei papabili consiglieri. Vedremo nella sostanza se\u00a0 quanto stabilito nella recente riunione che si \u00e8 tenuta tra il gruppo menzionato dinanzi e diversi esponenti politici dell\u2019area socialista avr\u00e0 un seguito di partecipanti tali da poter formare una coalizione alternativa ai due principali \u201cpoli\u201d che si riconoscono da una parte nel PD che si prepara a schierare Giuseppina Di Biasio e dall\u2019altra nel centro destra con Forza Italia con il referente Massimo Grimaldi chiamato a rimettere insieme quello che resta della vecchia maggioranza ormai quasi del tutto sfaldata.<br \/>\nInfatti anche l\u2019ex presidente del parlamentino locale Antonella Migliozzi sembra aver preso direzioni diverse da quelle che l\u2019hanno vista fino a settembre essere al fianco dell\u2019ex sindaco Antonio Russo.<br \/>\nLa Migliozzi ha infatti partecipato alla riunione organizzata da Anfora nella sede del partito di cui lui \u00e8 referente. Ma la domanda che ci si pone \u00e8 questa: se a formare il \u201cterzo polo\u201d\u00a0 saranno gli esponenti di \u201cCarinola in Azione\u201d\u00a0 che cosa far\u00e0 Renato Luigi De Spirito, attivista locale dei 5 Stelle e primo fautore di una coalizione equidistante dal gruppo Di Biasio e quello Grimaldiano? La risposta si potrebbe avere entro qualche giorno, qualora l\u2019iniziativa del dottor Anfora prender\u00e0 forma in maniera ufficiale. Chiaro che si dovr\u00e0 poi constatare anche chi la spunter\u00e0 nella famiglia Di Biasio tra l\u2019ex consigliere Franco Di\u00a0 Biasio e sua nipote Giusy.<\/p>\n","protected":false},"excerpt":{"rendered":"<p>&nbsp; &nbsp; &nbsp; CARINOLA \u00a0(di Joe Capua) \u2013 \u00a0Fari puntati sulla formazione della futura amministrazione comunale. Il voto<\/p>\n","protected":false},"author":2,"featured_media":28348,"comment_status":"closed","ping_status":"closed","sticky":false,"template":"","format":"standard","meta":{"sfsi_plus_gutenberg_text_before_share":"","sfsi_plus_gutenberg_show_text_before_share":"","sfsi_plus_gutenberg_icon_type":"","sfsi_plus_gutenberg_icon_alignemt":"","sfsi_plus_gutenburg_max_per_row":"","footnotes":""},"categories":[2973,9],"tags":[],"class_list":["post-28913","post","type-post","status-publish","format-standard","has-post-thumbnail","hentry","category-carinola","category-politica"],"_links":{"self":[{"href":"https:\/\/www.thereportzone.it\/index.php?rest_route=\/wp\/v2\/posts\/28913"}],"collection":[{"href":"https:\/\/www.thereportzone.it\/index.php?rest_route=\/wp\/v2\/posts"}],"about":[{"href":"https:\/\/www.thereportzone.it\/index.php?rest_route=\/wp\/v2\/types\/post"}],"author":[{"embeddable":true,"href":"https:\/\/www.thereportzone.it\/index.php?rest_route=\/wp\/v2\/users\/2"}],"replies":[{"embeddable":true,"href":"https:\/\/www.thereportzone.it\/index.php?rest_route=%2Fwp%2Fv2%2Fcomments&post=28913"}],"version-history":[{"count":0,"href":"https:\/\/www.thereportzone.it\/index.php?rest_route=\/wp\/v2\/posts\/28913\/revisions"}],"wp:featuredmedia":[{"embeddable":true,"href":"https:\/\/www.thereportzone.it\/index.php?rest_route=\/"}],"wp:attachment":[{"href":"https:\/\/www.thereportzone.it\/index.php?rest_route=%2Fwp%2Fv2%2Fmedia&parent=28913"}],"wp:term":[{"taxonomy":"category","embeddable":true,"href":"https:\/\/www.thereportzone.it\/index.php?rest_route=%2Fwp%2Fv2%2Fcategories&post=28913"},{"taxonomy":"post_tag","embeddable":true,"href":"https:\/\/www.thereportzone.it\/index.php?rest_route=%2Fwp%2Fv2%2Ftags&post=28913"}],"curies":[{"name":"wp","href":"https:\/\/api.w.org\/{rel}","templated":true}]}}